{"id":160455,"date":"2026-09-01T21:01:12","date_gmt":"2026-09-02T00:01:12","guid":{"rendered":"https:\/\/revistaesperanzas.com\/web\/?p=160455"},"modified":"2026-09-01T21:01:13","modified_gmt":"2026-09-02T00:01:13","slug":"av-rio-chico-siniestro-vial-con-consecuencia-fatal-e","status":"publish","type":"post","link":"https:\/\/revistaesperanzas.com\/web\/2026\/09\/av-rio-chico-siniestro-vial-con-consecuencia-fatal-e\/","title":{"rendered":"AV. RIO CHICO: siniestro vial con consecuencia fatal e"},"content":{"rendered":"<p>En horas de la ma\u00f1ana de hoy 01-09-26, por causas que se tratan de determinar se habr\u00eda producido un siniestro vial por Avenida Rio Chico entre las Amapolas y los Tulipanes, entre una camioneta (patrullero policial) y una motocicleta 110cc.; como consecuencia de ello, una mujer de 45 a\u00f1os perdi\u00f3 la vida, luego de ser trasladada al Hospital Escuela a ra\u00edz de las grav\u00edsimas lesiones que presentaba.<\/p>\n<p>Conforme a las primeras averiguaciones, el siniestro se habr\u00eda registrado alrededor de las 11.00horas, y tuvo como protagonistas a una camioneta -marca Toyota corola Cross-, y una motocicleta 110c.c. -marca Brava Nevada-, guiada por una mujer de 45 a\u00f1os de<a href=\"https:\/\/revistaesperanzas.com\/web\/2026\/09\/av-rio-chico-siniestro-vial-con-consecuencia-fatal-e\/ciclomotor-110cc\/\" rel=\"attachment wp-att-160457\"><img loading=\"lazy\" decoding=\"async\" class=\" wp-image-160457 alignleft\" src=\"https:\/\/revistaesperanzas.com\/web\/wp-content\/uploads\/2026\/09\/CICLOMOTOR-110CC.jpg\" alt=\"\" width=\"450\" height=\"315\" srcset=\"https:\/\/revistaesperanzas.com\/web\/wp-content\/uploads\/2026\/09\/CICLOMOTOR-110CC.jpg 600w, https:\/\/revistaesperanzas.com\/web\/wp-content\/uploads\/2026\/09\/CICLOMOTOR-110CC-100x70.jpg 100w\" sizes=\"auto, (max-width: 450px) 100vw, 450px\" \/><\/a> edad.<\/p>\n<p>Tras el siniestro, la mujer fue auxiliada y trasladada al Hospital Escuela donde minutos m\u00e1s tarde lamentablemente se habr\u00eda producido su deceso a ra\u00edz de las grav\u00edsimas lesiones que presentaba.<\/p>\n<p>En el lugar se realizaron las diligencias del caso, con intervenci\u00f3n de la unidad fiscal en turno, en tanto, en la Comisar\u00eda novena urbana por razones de jurisdicci\u00f3n se prosigue con los tramites de rigor que corresponde.<\/p>\n","protected":false},"excerpt":{"rendered":"<p>En horas de la ma\u00f1ana de hoy 01-09-26, por causas que se tratan de determinar se habr\u00eda producido un siniestro vial por Avenida Rio Chico entre las Amapolas y los Tulipanes, entre una camioneta (patrullero policial) y una motocicleta 110cc.; como consecuencia de ello, una mujer de 45 a\u00f1os perdi\u00f3 la vida, luego de ser [&hellip;]<\/p>\n","protected":false},"author":4,"featured_media":160456,"comment_status":"closed","ping_status":"closed","sticky":false,"template":"","format":"standard","meta":{"footnotes":""},"categories":[58],"tags":[],"class_list":["post-160455","post","type-post","status-publish","format-standard","has-post-thumbnail","category-corrientes"],"_links":{"self":[{"href":"https:\/\/revistaesperanzas.com\/web\/wp-json\/wp\/v2\/posts\/160455","targetHints":{"allow":["GET"]}}],"collection":[{"href":"https:\/\/revistaesperanzas.com\/web\/wp-json\/wp\/v2\/posts"}],"about":[{"href":"https:\/\/revistaesperanzas.com\/web\/wp-json\/wp\/v2\/types\/post"}],"author":[{"embeddable":true,"href":"https:\/\/revistaesperanzas.com\/web\/wp-json\/wp\/v2\/users\/4"}],"replies":[{"embeddable":true,"href":"https:\/\/revistaesperanzas.com\/web\/wp-json\/wp\/v2\/comments?post=160455"}],"version-history":[{"count":2,"href":"https:\/\/revistaesperanzas.com\/web\/wp-json\/wp\/v2\/posts\/160455\/revisions"}],"predecessor-version":[{"id":160459,"href":"https:\/\/revistaesperanzas.com\/web\/wp-json\/wp\/v2\/posts\/160455\/revisions\/160459"}],"wp:featuredmedia":[{"embeddable":true,"href":"https:\/\/revistaesperanzas.com\/web\/wp-json\/wp\/v2\/media\/160456"}],"wp:attachment":[{"href":"https:\/\/revistaesperanzas.com\/web\/wp-json\/wp\/v2\/media?parent=160455"}],"wp:term":[{"taxonomy":"category","embeddable":true,"href":"https:\/\/revistaesperanzas.com\/web\/wp-json\/wp\/v2\/categories?post=160455"},{"taxonomy":"post_tag","embeddable":true,"href":"https:\/\/revistaesperanzas.com\/web\/wp-json\/wp\/v2\/tags?post=160455"}],"curies":[{"name":"wp","href":"https:\/\/api.w.org\/{rel}","templated":true}]}}