{"id":160461,"date":"2026-09-02T09:40:22","date_gmt":"2026-09-02T12:40:22","guid":{"rendered":"https:\/\/revistaesperanzas.com\/web\/?p=160461"},"modified":"2026-09-02T09:40:22","modified_gmt":"2026-09-02T12:40:22","slug":"el-gobierno-establecio-de-cuanto-sera-el-salario-minimo-vital-y-movil-de-aca-a-los-proximos-ocho-meses","status":"publish","type":"post","link":"https:\/\/revistaesperanzas.com\/web\/2026\/09\/el-gobierno-establecio-de-cuanto-sera-el-salario-minimo-vital-y-movil-de-aca-a-los-proximos-ocho-meses\/","title":{"rendered":"EL GOBIERNO ESTABLECI\u00d3 DE CUANTO SER\u00c1 EL SALARIO M\u00cdNIMO, VITAL Y M\u00d3VIL DE AC\u00c1 A LOS PR\u00d3XIMOS OCHO MESES"},"content":{"rendered":"<div class=\"c-stack b-right-rail__full-width-1\" data-style-direction=\"vertical\" data-style-justification=\"start\" data-style-alignment=\"unset\" data-style-inline=\"false\" data-style-wrap=\"nowrap\"><\/div>\n<div class=\"c-grid b-right-rail__rail-container\">\n<div class=\"c-stack b-right-rail__main-interior-item\" data-style-direction=\"vertical\" data-style-justification=\"start\" data-style-alignment=\"unset\" data-style-inline=\"false\" data-style-wrap=\"nowrap\">\n<p class=\"c-heading b-subheadline\"><strong>El Ejecutivo defini\u00f3 una nueva escala salarial que regir\u00e1 durante los pr\u00f3ximos meses<\/strong><img loading=\"lazy\" decoding=\"async\" class=\"c-image\" src=\"https:\/\/radiomitre.cienradios.com\/resizer\/v2\/UK7FMKFXWNEOBHY6EP3R4BRX34.png?auth=f2d8a4c8f936b1f5a90741cbae968d0306095699b8ca12f5d611c7d9f84d5b8c&amp;width=800&amp;height=400\" srcset=\"https:\/\/radiomitre.cienradios.com\/resizer\/v2\/UK7FMKFXWNEOBHY6EP3R4BRX34.png?auth=f2d8a4c8f936b1f5a90741cbae968d0306095699b8ca12f5d611c7d9f84d5b8c&amp;width=274&amp;height=137 274w, https:\/\/radiomitre.cienradios.com\/resizer\/v2\/UK7FMKFXWNEOBHY6EP3R4BRX34.png?auth=f2d8a4c8f936b1f5a90741cbae968d0306095699b8ca12f5d611c7d9f84d5b8c&amp;width=400&amp;height=200 400w, https:\/\/radiomitre.cienradios.com\/resizer\/v2\/UK7FMKFXWNEOBHY6EP3R4BRX34.png?auth=f2d8a4c8f936b1f5a90741cbae968d0306095699b8ca12f5d611c7d9f84d5b8c&amp;width=768&amp;height=384 768w, https:\/\/radiomitre.cienradios.com\/resizer\/v2\/UK7FMKFXWNEOBHY6EP3R4BRX34.png?auth=f2d8a4c8f936b1f5a90741cbae968d0306095699b8ca12f5d611c7d9f84d5b8c&amp;width=1024&amp;height=512 1024w, https:\/\/radiomitre.cienradios.com\/resizer\/v2\/UK7FMKFXWNEOBHY6EP3R4BRX34.png?auth=f2d8a4c8f936b1f5a90741cbae968d0306095699b8ca12f5d611c7d9f84d5b8c&amp;width=1440&amp;height=720 1440w\" alt=\"El Gobierno estableci\u00f3 de cu\u00e1nto ser\u00e1 el Salario M\u00ednimo, Vital y M\u00f3vil de ac\u00e1 a los pr\u00f3ximos ocho meses\" width=\"800\" height=\"400\" data-chromatic=\"ignore\" \/><\/p>\n<article class=\"b-article-body\">\n<figure class=\"c-media-item b-article-body__image\"><figcaption class=\"c-media-item__fig-caption\"><span class=\"c-media-item__title\">El Gobierno estableci\u00f3 de cu\u00e1nto ser\u00e1 el Salario M\u00ednimo, Vital y M\u00f3vil de ac\u00e1 a los pr\u00f3ximos ocho meses<\/span><\/figcaption><\/figure>\n<p class=\"c-paragraph\">La nueva escala establece ocho tramos de aumentos desde septiembre de 2026 hasta abril de 2027, con distintos valores para trabajadores mensualizados y jornalizados.<\/p>\n<h2 class=\"b-article-body__h2\"><b>El Gobierno defini\u00f3 de cu\u00e1nto ser\u00e1 el Salario M\u00ednimo mes a mes<\/b><\/h2>\n<p class=\"c-paragraph\">El Gobierno defini\u00f3 los nuevos valores del\u00a0<b>Salario M\u00ednimo, Vital y M\u00f3vil para los pr\u00f3ximos ocho meses<\/b>.<\/p>\n<p class=\"c-paragraph\">A partir del 1\u00b0 de septiembre de 2026, el piso ser\u00e1 de $383.800 mensuales para los trabajadores que cumplan la jornada legal completa y aumentar\u00e1 de manera escalonada hasta alcanzar los\u00a0<b>$437.000 en abril de 2027.<\/b>\u00a0La medida qued\u00f3 establecida en la Resoluci\u00f3n 4\/2026, publicada en el Bolet\u00edn Oficial.<\/p>\n<div>\n<div id=\"ad-slot-inread\" class=\"ad-slot-inread ad-slot\" data-collapse_unfilled=\"1\" data-adtype=\"inread\" data-google-query-id=\"CPflgefgz5YDFRc_uQYd4OoLFg\">\n<div id=\"google_ads_iframe_\/39380843\/sitios_principales\/radio_mitre\/notas\/inread_0__container__\">La normativa establece ocho aumentos consecutivos entre septiembre de 2026 y abril de 2027:<\/div>\n<\/div>\n<\/div>\n<ul>\n<li><b>Septiembre:<\/b>\u00a0$383.800 mensuales y $1.919 por hora.<\/li>\n<li><b>Octubre:<\/b>\u00a0$391.200 mensuales y $1.956 por hora.<\/li>\n<li><b>Noviembre:<\/b>\u00a0$398.800 mensuales y $1.994 por hora.<\/li>\n<li><b>Diciembre:<\/b>\u00a0$406.400 mensuales y $2.032 por hora.<\/li>\n<li><b>Enero:<\/b>\u00a0$414.200 mensuales y $2.071 por hora.<\/li>\n<li><b>Febrero:<\/b>\u00a0$422.000 mensuales y $2.110 por hora.<\/li>\n<li><b>Marzo:<\/b>\u00a0$429.600 mensuales y $2.148 por hora.<\/li>\n<li><b>Abril:<\/b>\u00a0$437.000 mensuales y $2.185 por hora.<\/li>\n<\/ul>\n<p class=\"c-paragraph\">Los nuevos valores alcanzan a los trabajadores comprendidos en el R\u00e9gimen de Contrato de Trabajo, el R\u00e9gimen de Trabajo Agrario y la Administraci\u00f3n P\u00fablica Nacional, adem\u00e1s de los organismos del Estado nacional que act\u00faen como empleadores.\u00a0<b>Para quienes trabajen jornadas inferiores a la legal, el salario se calcular\u00e1 de manera proporcional a las horas trabajad<\/b>as.<\/p>\n<p class=\"c-paragraph\">La resoluci\u00f3n tambi\u00e9n mantiene la f\u00f3rmula de la prestaci\u00f3n por desempleo. El beneficio equivaldr\u00e1 al 75% de la mejor remuneraci\u00f3n mensual, normal y habitual de los seis meses anteriores al cese, aunque no podr\u00e1 ubicarse por debajo del 50% ni superar el 100% del Salario M\u00ednimo vigente.<\/p>\n<figure class=\"c-media-item b-article-body__image\"><img loading=\"lazy\" decoding=\"async\" class=\"c-image\" src=\"https:\/\/radiomitre.cienradios.com\/resizer\/v2\/7LY6KLWQLFGRFG67ASS2VXZ5UM.png?auth=ef690a9e4f1803e1507f7eb34df586c8ba286f93376ba7432c1ba4b94235b9cf&amp;width=800&amp;height=400\" srcset=\"https:\/\/radiomitre.cienradios.com\/resizer\/v2\/7LY6KLWQLFGRFG67ASS2VXZ5UM.png?auth=ef690a9e4f1803e1507f7eb34df586c8ba286f93376ba7432c1ba4b94235b9cf&amp;width=274&amp;height=137 274w, https:\/\/radiomitre.cienradios.com\/resizer\/v2\/7LY6KLWQLFGRFG67ASS2VXZ5UM.png?auth=ef690a9e4f1803e1507f7eb34df586c8ba286f93376ba7432c1ba4b94235b9cf&amp;width=400&amp;height=200 400w, https:\/\/radiomitre.cienradios.com\/resizer\/v2\/7LY6KLWQLFGRFG67ASS2VXZ5UM.png?auth=ef690a9e4f1803e1507f7eb34df586c8ba286f93376ba7432c1ba4b94235b9cf&amp;width=768&amp;height=384 768w, https:\/\/radiomitre.cienradios.com\/resizer\/v2\/7LY6KLWQLFGRFG67ASS2VXZ5UM.png?auth=ef690a9e4f1803e1507f7eb34df586c8ba286f93376ba7432c1ba4b94235b9cf&amp;width=1024&amp;height=512 1024w, https:\/\/radiomitre.cienradios.com\/resizer\/v2\/7LY6KLWQLFGRFG67ASS2VXZ5UM.png?auth=ef690a9e4f1803e1507f7eb34df586c8ba286f93376ba7432c1ba4b94235b9cf&amp;width=1440&amp;height=720 1440w\" alt=\"El Gobierno estableci\u00f3 de cu\u00e1nto ser\u00e1 el Salario M\u00ednimo, Vital y M\u00f3vil de ac\u00e1 a los pr\u00f3ximos ocho meses\" width=\"800\" height=\"400\" data-chromatic=\"ignore\" \/><figcaption class=\"c-media-item__fig-caption\"><span class=\"c-media-item__title\">El Gobierno estableci\u00f3 de cu\u00e1nto ser\u00e1 el Salario M\u00ednimo, Vital y M\u00f3vil de ac\u00e1 a los pr\u00f3ximos ocho meses<\/span><\/figcaption><\/figure>\n<h2 class=\"b-article-body__h2\"><b>Por qu\u00e9 el Gobierno fij\u00f3 los nuevos valores<\/b><\/h2>\n<p class=\"c-paragraph\">La actualizaci\u00f3n lleg\u00f3 despu\u00e9s de la<b>\u00a0reuni\u00f3n del Consejo del Salario del 28 de agosto, en la que representantes gremiales y empresarios no alcanzaron un acuerdo<\/b>. Ante la falta de consenso, el Poder Ejecutivo utiliz\u00f3 el laudo para establecer los nuevos valores.<\/p>\n<p class=\"c-paragraph\">En paralelo, el Gobierno impulsa negociaciones paritarias con el objetivo de elevar los pisos salariales en algunos convenios. Una fuente oficial citada por TN resumi\u00f3 la postura del Ejecutivo:\u00a0<b>\u201cJ\u00fantense y traten de subir los pisos\u201d.<\/b>\u00a0La Secretar\u00eda de Trabajo deber\u00e1 homologar los acuerdos que alcancen las partes.<\/p>\n<p class=\"c-paragraph\">El Instituto Interdisciplinario de Econom\u00eda Pol\u00edtica (IIEP) de la UBA calcul\u00f3 que el salario m\u00ednimo real acumul\u00f3 una ca\u00edda del 40,5% entre noviembre de 2023 y julio de 2026. Con la nueva escala,<b>\u00a0tambi\u00e9n se actualizar\u00e1n los valores m\u00ednimos y m\u00e1ximos de la prestaci\u00f3n por desempleo durante los pr\u00f3ximos meses.<\/b><\/p>\n<\/article>\n<div>\n<div id=\"ad-slot-caja_1\" class=\"ad-slot-box ad-slot\" data-lazyload=\"1\" data-collapse_unfilled=\"1\" data-adtype=\"box\" data-google-query-id=\"CK_dg-fgz5YDFaOqYQYdbLghzg\"><\/div>\n<\/div>\n<\/div>\n<\/div>\n","protected":false},"excerpt":{"rendered":"<p>El Ejecutivo defini\u00f3 una nueva escala salarial que regir\u00e1 durante los pr\u00f3ximos meses El Gobierno estableci\u00f3 de cu\u00e1nto ser\u00e1 el Salario M\u00ednimo, Vital y M\u00f3vil de ac\u00e1 a los pr\u00f3ximos ocho meses La nueva escala establece ocho tramos de aumentos desde septiembre de 2026 hasta abril de 2027, con distintos valores para trabajadores mensualizados y [&hellip;]<\/p>\n","protected":false},"author":4,"featured_media":160462,"comment_status":"closed","ping_status":"closed","sticky":false,"template":"","format":"standard","meta":{"footnotes":""},"categories":[4],"tags":[],"class_list":["post-160461","post","type-post","status-publish","format-standard","has-post-thumbnail","category-nacionales"],"_links":{"self":[{"href":"https:\/\/revistaesperanzas.com\/web\/wp-json\/wp\/v2\/posts\/160461","targetHints":{"allow":["GET"]}}],"collection":[{"href":"https:\/\/revistaesperanzas.com\/web\/wp-json\/wp\/v2\/posts"}],"about":[{"href":"https:\/\/revistaesperanzas.com\/web\/wp-json\/wp\/v2\/types\/post"}],"author":[{"embeddable":true,"href":"https:\/\/revistaesperanzas.com\/web\/wp-json\/wp\/v2\/users\/4"}],"replies":[{"embeddable":true,"href":"https:\/\/revistaesperanzas.com\/web\/wp-json\/wp\/v2\/comments?post=160461"}],"version-history":[{"count":1,"href":"https:\/\/revistaesperanzas.com\/web\/wp-json\/wp\/v2\/posts\/160461\/revisions"}],"predecessor-version":[{"id":160463,"href":"https:\/\/revistaesperanzas.com\/web\/wp-json\/wp\/v2\/posts\/160461\/revisions\/160463"}],"wp:featuredmedia":[{"embeddable":true,"href":"https:\/\/revistaesperanzas.com\/web\/wp-json\/wp\/v2\/media\/160462"}],"wp:attachment":[{"href":"https:\/\/revistaesperanzas.com\/web\/wp-json\/wp\/v2\/media?parent=160461"}],"wp:term":[{"taxonomy":"category","embeddable":true,"href":"https:\/\/revistaesperanzas.com\/web\/wp-json\/wp\/v2\/categories?post=160461"},{"taxonomy":"post_tag","embeddable":true,"href":"https:\/\/revistaesperanzas.com\/web\/wp-json\/wp\/v2\/tags?post=160461"}],"curies":[{"name":"wp","href":"https:\/\/api.w.org\/{rel}","templated":true}]}}