{"id":160464,"date":"2026-09-02T10:18:12","date_gmt":"2026-09-02T13:18:12","guid":{"rendered":"https:\/\/revistaesperanzas.com\/web\/?p=160464"},"modified":"2026-09-02T10:18:12","modified_gmt":"2026-09-02T13:18:12","slug":"san-luis-del-palmar-siniesitro-vial-con-consecuncia-fatal","status":"publish","type":"post","link":"https:\/\/revistaesperanzas.com\/web\/2026\/09\/san-luis-del-palmar-siniesitro-vial-con-consecuncia-fatal\/","title":{"rendered":"SAN LUIS DEL PALMAR:  SINIESITRO VIAL CON CONSECUNCIA FATAL"},"content":{"rendered":"<p>En horas de la noche de ayer 01-09-26, pasadas las 22:00 horas, por Ruta provincial N\u00b05 kil\u00f3metro 22,5 aproximadamente, por causas que se tratan de establecer se habr\u00eda producido un siniestro vial con consecuencia fatal.<\/p>\n<p>Conforme a las primeras averiguaciones el siniestro tuvo como protagonista a una motocicleta -marca Zanella modelo RX 150c.c- conducido por un hombre de apellido N\u00fa\u00f1ez -30- y una motocicleta -marca Honda modelo Wave 110c.c- guiada por un joven de apellido Gim\u00e9nez -19-. A consecuencia del siniestro, el joven de 19 a\u00f1os lamentablemente habr\u00eda perdido la vida en el lugar, en tanto, el otro motociclista fue trasladado al Hospital Escuela donde tras ser examinado se determin\u00f3 que presentaba lesiones de menor consideraci\u00f3n.<\/p>\n<p>En el lugar se realizaron las diligencias del caso con intervenci\u00f3n de la unidad fiscal interviniente, en tanto, en la Comisar\u00eda de distrito San Luis del Palmar se prosigue con los tramites que corresponde.<\/p>\n","protected":false},"excerpt":{"rendered":"<p>En horas de la noche de ayer 01-09-26, pasadas las 22:00 horas, por Ruta provincial N\u00b05 kil\u00f3metro 22,5 aproximadamente, por causas que se tratan de establecer se habr\u00eda producido un siniestro vial con consecuencia fatal. Conforme a las primeras averiguaciones el siniestro tuvo como protagonista a una motocicleta -marca Zanella modelo RX 150c.c- conducido por [&hellip;]<\/p>\n","protected":false},"author":4,"featured_media":160465,"comment_status":"closed","ping_status":"closed","sticky":false,"template":"","format":"standard","meta":{"footnotes":""},"categories":[58],"tags":[],"class_list":["post-160464","post","type-post","status-publish","format-standard","has-post-thumbnail","category-corrientes"],"_links":{"self":[{"href":"https:\/\/revistaesperanzas.com\/web\/wp-json\/wp\/v2\/posts\/160464","targetHints":{"allow":["GET"]}}],"collection":[{"href":"https:\/\/revistaesperanzas.com\/web\/wp-json\/wp\/v2\/posts"}],"about":[{"href":"https:\/\/revistaesperanzas.com\/web\/wp-json\/wp\/v2\/types\/post"}],"author":[{"embeddable":true,"href":"https:\/\/revistaesperanzas.com\/web\/wp-json\/wp\/v2\/users\/4"}],"replies":[{"embeddable":true,"href":"https:\/\/revistaesperanzas.com\/web\/wp-json\/wp\/v2\/comments?post=160464"}],"version-history":[{"count":1,"href":"https:\/\/revistaesperanzas.com\/web\/wp-json\/wp\/v2\/posts\/160464\/revisions"}],"predecessor-version":[{"id":160466,"href":"https:\/\/revistaesperanzas.com\/web\/wp-json\/wp\/v2\/posts\/160464\/revisions\/160466"}],"wp:featuredmedia":[{"embeddable":true,"href":"https:\/\/revistaesperanzas.com\/web\/wp-json\/wp\/v2\/media\/160465"}],"wp:attachment":[{"href":"https:\/\/revistaesperanzas.com\/web\/wp-json\/wp\/v2\/media?parent=160464"}],"wp:term":[{"taxonomy":"category","embeddable":true,"href":"https:\/\/revistaesperanzas.com\/web\/wp-json\/wp\/v2\/categories?post=160464"},{"taxonomy":"post_tag","embeddable":true,"href":"https:\/\/revistaesperanzas.com\/web\/wp-json\/wp\/v2\/tags?post=160464"}],"curies":[{"name":"wp","href":"https:\/\/api.w.org\/{rel}","templated":true}]}}