{"id":160467,"date":"2026-09-02T10:27:12","date_gmt":"2026-09-02T13:27:12","guid":{"rendered":"https:\/\/revistaesperanzas.com\/web\/?p=160467"},"modified":"2026-09-02T10:27:12","modified_gmt":"2026-09-02T13:27:12","slug":"empedrado-detienen-a-un-hombre-por-haber-incumplido-orden-judial","status":"publish","type":"post","link":"https:\/\/revistaesperanzas.com\/web\/2026\/09\/empedrado-detienen-a-un-hombre-por-haber-incumplido-orden-judial\/","title":{"rendered":"EMPEDRADO: DETIENEN A UN HOMBRE POR HABER INCUMPLIDO ORDEN JUDIAL"},"content":{"rendered":"<p>Efectivos policiales de la Comisar\u00eda de la Mujer y el Menor de Empedrado, tras tomar conocimiento de un hecho, logr\u00f3 aprehender a un hombre que habr\u00eda incumplido una orden judicial.<\/p>\n<p>El procedimiento se concret\u00f3 tras una alerta recibida a trav\u00e9s de un llamado telef\u00f3nico, sobre la presencia de un sujeto en inmediaciones de un domicilio de una persona protegida por la medida judicial, por ello ante esta situaci\u00f3n, el personal policial se dirigi\u00f3 r\u00e1pidamente al lugar, donde procedieron a la aprehensi\u00f3n e identificaci\u00f3n de esta persona, trat\u00e1ndose de un hombre de 48 a\u00f1os de edad, quien conforme a las primeras averiguaciones resulto que registraba una medida cautelar vigente dispuesta por el Juzgado de Familia de Empedrado.<\/p>\n<p>Al respecto, el aprehendido fue trasladado hasta la dependencia judicial correspondiente, quedando a disposici\u00f3n de la Justicia interviniente, mientras contin\u00faan las diligencias de rigor.<\/p>\n","protected":false},"excerpt":{"rendered":"<p>Efectivos policiales de la Comisar\u00eda de la Mujer y el Menor de Empedrado, tras tomar conocimiento de un hecho, logr\u00f3 aprehender a un hombre que habr\u00eda incumplido una orden judicial. El procedimiento se concret\u00f3 tras una alerta recibida a trav\u00e9s de un llamado telef\u00f3nico, sobre la presencia de un sujeto en inmediaciones de un domicilio [&hellip;]<\/p>\n","protected":false},"author":4,"featured_media":160468,"comment_status":"closed","ping_status":"closed","sticky":false,"template":"","format":"standard","meta":{"footnotes":""},"categories":[58],"tags":[],"class_list":["post-160467","post","type-post","status-publish","format-standard","has-post-thumbnail","category-corrientes"],"_links":{"self":[{"href":"https:\/\/revistaesperanzas.com\/web\/wp-json\/wp\/v2\/posts\/160467","targetHints":{"allow":["GET"]}}],"collection":[{"href":"https:\/\/revistaesperanzas.com\/web\/wp-json\/wp\/v2\/posts"}],"about":[{"href":"https:\/\/revistaesperanzas.com\/web\/wp-json\/wp\/v2\/types\/post"}],"author":[{"embeddable":true,"href":"https:\/\/revistaesperanzas.com\/web\/wp-json\/wp\/v2\/users\/4"}],"replies":[{"embeddable":true,"href":"https:\/\/revistaesperanzas.com\/web\/wp-json\/wp\/v2\/comments?post=160467"}],"version-history":[{"count":1,"href":"https:\/\/revistaesperanzas.com\/web\/wp-json\/wp\/v2\/posts\/160467\/revisions"}],"predecessor-version":[{"id":160469,"href":"https:\/\/revistaesperanzas.com\/web\/wp-json\/wp\/v2\/posts\/160467\/revisions\/160469"}],"wp:featuredmedia":[{"embeddable":true,"href":"https:\/\/revistaesperanzas.com\/web\/wp-json\/wp\/v2\/media\/160468"}],"wp:attachment":[{"href":"https:\/\/revistaesperanzas.com\/web\/wp-json\/wp\/v2\/media?parent=160467"}],"wp:term":[{"taxonomy":"category","embeddable":true,"href":"https:\/\/revistaesperanzas.com\/web\/wp-json\/wp\/v2\/categories?post=160467"},{"taxonomy":"post_tag","embeddable":true,"href":"https:\/\/revistaesperanzas.com\/web\/wp-json\/wp\/v2\/tags?post=160467"}],"curies":[{"name":"wp","href":"https:\/\/api.w.org\/{rel}","templated":true}]}}