{"id":160470,"date":"2026-09-02T10:30:00","date_gmt":"2026-09-02T13:30:00","guid":{"rendered":"https:\/\/revistaesperanzas.com\/web\/?p=160470"},"modified":"2026-09-02T10:30:00","modified_gmt":"2026-09-02T13:30:00","slug":"barrio-bizcacha-policia-recupero-una-motocicleta-con-pedido-de-secuestro-por-ser-robada","status":"publish","type":"post","link":"https:\/\/revistaesperanzas.com\/web\/2026\/09\/barrio-bizcacha-policia-recupero-una-motocicleta-con-pedido-de-secuestro-por-ser-robada\/","title":{"rendered":"BARRIO BIZCACHA: POLIC\u00cdA RECUPER\u00d3 UNA MOTOCICLETA CON PEDIDO DE SECUESTRO POR SER ROBADA"},"content":{"rendered":"<p>En horas de la noche de ayer 01-09-26, efectivos policiales de la Direcci\u00f3n de Investigaci\u00f3n Criminal -D.I.C.-, mientras realizaban tareas de prevenci\u00f3n y distintas averiguaciones, procedieron a verificar una motocicleta, la cual result\u00f3 que registraba pedido de secuestro por hallarse denunciada como sustra\u00edda en la Provincia del Chaco.<\/p>\n<p>El procedimiento lo concretaron alrededor de las 20:30horas, cuando encontr\u00e1ndose en inmediaciones de calle Bolivia S\/N del citado barrio, cuando verificaron una motocicleta -marca Honda Wave- que se encontraba estacionada sobre la calle (v\u00eda p\u00fablica), la cual tras las averiguaciones correspondientes result\u00f3 que registraba pedido de secuestro por hallarse denunciada como sustra\u00edda, en la Comisar\u00eda primera metropolitana \u2013 Resistencia Chaco, de fecha 26-08-26. Cabe se\u00f1alar que la poseedora del rodado ya habr\u00eda sido identificada.<\/p>\n<p>La motocicleta recuperada fue trasladada a la citada dependencia policial donde se prosigue con los tramites que corresponde.<\/p>\n","protected":false},"excerpt":{"rendered":"<p>En horas de la noche de ayer 01-09-26, efectivos policiales de la Direcci\u00f3n de Investigaci\u00f3n Criminal -D.I.C.-, mientras realizaban tareas de prevenci\u00f3n y distintas averiguaciones, procedieron a verificar una motocicleta, la cual result\u00f3 que registraba pedido de secuestro por hallarse denunciada como sustra\u00edda en la Provincia del Chaco. El procedimiento lo concretaron alrededor de las [&hellip;]<\/p>\n","protected":false},"author":4,"featured_media":160471,"comment_status":"closed","ping_status":"closed","sticky":false,"template":"","format":"standard","meta":{"footnotes":""},"categories":[58],"tags":[],"class_list":["post-160470","post","type-post","status-publish","format-standard","has-post-thumbnail","category-corrientes"],"_links":{"self":[{"href":"https:\/\/revistaesperanzas.com\/web\/wp-json\/wp\/v2\/posts\/160470","targetHints":{"allow":["GET"]}}],"collection":[{"href":"https:\/\/revistaesperanzas.com\/web\/wp-json\/wp\/v2\/posts"}],"about":[{"href":"https:\/\/revistaesperanzas.com\/web\/wp-json\/wp\/v2\/types\/post"}],"author":[{"embeddable":true,"href":"https:\/\/revistaesperanzas.com\/web\/wp-json\/wp\/v2\/users\/4"}],"replies":[{"embeddable":true,"href":"https:\/\/revistaesperanzas.com\/web\/wp-json\/wp\/v2\/comments?post=160470"}],"version-history":[{"count":1,"href":"https:\/\/revistaesperanzas.com\/web\/wp-json\/wp\/v2\/posts\/160470\/revisions"}],"predecessor-version":[{"id":160472,"href":"https:\/\/revistaesperanzas.com\/web\/wp-json\/wp\/v2\/posts\/160470\/revisions\/160472"}],"wp:featuredmedia":[{"embeddable":true,"href":"https:\/\/revistaesperanzas.com\/web\/wp-json\/wp\/v2\/media\/160471"}],"wp:attachment":[{"href":"https:\/\/revistaesperanzas.com\/web\/wp-json\/wp\/v2\/media?parent=160470"}],"wp:term":[{"taxonomy":"category","embeddable":true,"href":"https:\/\/revistaesperanzas.com\/web\/wp-json\/wp\/v2\/categories?post=160470"},{"taxonomy":"post_tag","embeddable":true,"href":"https:\/\/revistaesperanzas.com\/web\/wp-json\/wp\/v2\/tags?post=160470"}],"curies":[{"name":"wp","href":"https:\/\/api.w.org\/{rel}","templated":true}]}}