{"id":160474,"date":"2026-09-02T18:36:26","date_gmt":"2026-09-02T21:36:26","guid":{"rendered":"https:\/\/revistaesperanzas.com\/web\/?p=160474"},"modified":"2026-09-02T18:36:26","modified_gmt":"2026-09-02T21:36:26","slug":"tabay-la-policia-hallo-y-secuestro-de-la-via-publica-diez-plantines-presumiblemente-de-marihuana","status":"publish","type":"post","link":"https:\/\/revistaesperanzas.com\/web\/2026\/09\/tabay-la-policia-hallo-y-secuestro-de-la-via-publica-diez-plantines-presumiblemente-de-marihuana\/","title":{"rendered":"TABAY: LA POLIC\u00cdA, HALL\u00d3 Y SECUESTR\u00d3 DE LA V\u00cdA P\u00daBLICA DIEZ PLANTINES PRESUMIBLEMENTE DE MARIHUANA"},"content":{"rendered":"<p>En horas de la ma\u00f1ana de hoy 02-08-26, efectivos policiales de la Comisar\u00eda Distrito Tabay, momentos en que realizaban sus labores de prevenci\u00f3n, secuestraron plantas de marihuana halladas en la v\u00eda p\u00fablica.<\/p>\n<p>El procedimiento tuvo lugar cerca de las 10:00 horas, cuando los efectivos observaron en una vereda de la v\u00eda p\u00fablica de la cit6ada localidad, plantas de origen vegetal, trat\u00e1ndose presumiblemente de cannabis sativa &#8211; marihuana, por lo que procedieron al secuestro preventivo de un total de diez plantines.<\/p>\n<p>Al respecto, lo secuestrado fue puesto a disposici\u00f3n de la justicia y trasladado a la citada dependencia, donde se continuaron con los tramites del caso.<\/p>\n","protected":false},"excerpt":{"rendered":"<p>En horas de la ma\u00f1ana de hoy 02-08-26, efectivos policiales de la Comisar\u00eda Distrito Tabay, momentos en que realizaban sus labores de prevenci\u00f3n, secuestraron plantas de marihuana halladas en la v\u00eda p\u00fablica. El procedimiento tuvo lugar cerca de las 10:00 horas, cuando los efectivos observaron en una vereda de la v\u00eda p\u00fablica de la cit6ada [&hellip;]<\/p>\n","protected":false},"author":4,"featured_media":160475,"comment_status":"closed","ping_status":"closed","sticky":false,"template":"","format":"standard","meta":{"footnotes":""},"categories":[58],"tags":[],"class_list":["post-160474","post","type-post","status-publish","format-standard","has-post-thumbnail","category-corrientes"],"_links":{"self":[{"href":"https:\/\/revistaesperanzas.com\/web\/wp-json\/wp\/v2\/posts\/160474","targetHints":{"allow":["GET"]}}],"collection":[{"href":"https:\/\/revistaesperanzas.com\/web\/wp-json\/wp\/v2\/posts"}],"about":[{"href":"https:\/\/revistaesperanzas.com\/web\/wp-json\/wp\/v2\/types\/post"}],"author":[{"embeddable":true,"href":"https:\/\/revistaesperanzas.com\/web\/wp-json\/wp\/v2\/users\/4"}],"replies":[{"embeddable":true,"href":"https:\/\/revistaesperanzas.com\/web\/wp-json\/wp\/v2\/comments?post=160474"}],"version-history":[{"count":1,"href":"https:\/\/revistaesperanzas.com\/web\/wp-json\/wp\/v2\/posts\/160474\/revisions"}],"predecessor-version":[{"id":160477,"href":"https:\/\/revistaesperanzas.com\/web\/wp-json\/wp\/v2\/posts\/160474\/revisions\/160477"}],"wp:featuredmedia":[{"embeddable":true,"href":"https:\/\/revistaesperanzas.com\/web\/wp-json\/wp\/v2\/media\/160475"}],"wp:attachment":[{"href":"https:\/\/revistaesperanzas.com\/web\/wp-json\/wp\/v2\/media?parent=160474"}],"wp:term":[{"taxonomy":"category","embeddable":true,"href":"https:\/\/revistaesperanzas.com\/web\/wp-json\/wp\/v2\/categories?post=160474"},{"taxonomy":"post_tag","embeddable":true,"href":"https:\/\/revistaesperanzas.com\/web\/wp-json\/wp\/v2\/tags?post=160474"}],"curies":[{"name":"wp","href":"https:\/\/api.w.org\/{rel}","templated":true}]}}