{"id":160476,"date":"2026-09-02T18:39:32","date_gmt":"2026-09-02T21:39:32","guid":{"rendered":"https:\/\/revistaesperanzas.com\/web\/?p=160476"},"modified":"2026-09-02T18:39:32","modified_gmt":"2026-09-02T21:39:32","slug":"gobernador-virasoro-dos-personas-fueron-detenidas-tras-el-esclarecimiento-del-robo-de-una-bicicleta","status":"publish","type":"post","link":"https:\/\/revistaesperanzas.com\/web\/2026\/09\/gobernador-virasoro-dos-personas-fueron-detenidas-tras-el-esclarecimiento-del-robo-de-una-bicicleta\/","title":{"rendered":"GOBERNADOR VIRASORO: DOS PERSONAS FUERON DETENIDAS TRAS EL ESCLARECIMIENTO DEL ROBO DE UNA BICICLETA"},"content":{"rendered":"<p>Ayer 01-09-26, efectivos policiales de la Comisar\u00eda Distrito Segunda de Gobernador Virasoro, en colaboraci\u00f3n con la Unidad Fiscal interviniente, tras intensas tareas investigativas, lograron el r\u00e1pido esclarecimiento del hurto de una bicicleta y un hombre y dos menores fueron demorados.<\/p>\n<p>El procedimiento lo realizaron los mencionados polic\u00edas, en relaci\u00f3n con la sustracci\u00f3n de una bicicleta -marca Kelinbik rodado 16-, el cual habr\u00eda sido localizado en poder de una persona que manifest\u00f3 haberlo adquirido, aportando informaci\u00f3n que permiti\u00f3 orientar la pesquisa e individualizar a los presuntos autores.<\/p>\n<p>Como resultado del trabajo, se concret\u00f3 la demora de un mayor de edad y dos menores, mientras que la bicicleta fue recuperada y puesta a disposici\u00f3n de la fiscal\u00eda interviniente, continu\u00e1ndose con las diligencias de rigor correspondientes.<\/p>\n","protected":false},"excerpt":{"rendered":"<p>Ayer 01-09-26, efectivos policiales de la Comisar\u00eda Distrito Segunda de Gobernador Virasoro, en colaboraci\u00f3n con la Unidad Fiscal interviniente, tras intensas tareas investigativas, lograron el r\u00e1pido esclarecimiento del hurto de una bicicleta y un hombre y dos menores fueron demorados. El procedimiento lo realizaron los mencionados polic\u00edas, en relaci\u00f3n con la sustracci\u00f3n de una bicicleta [&hellip;]<\/p>\n","protected":false},"author":4,"featured_media":160478,"comment_status":"closed","ping_status":"closed","sticky":false,"template":"","format":"standard","meta":{"footnotes":""},"categories":[58],"tags":[],"class_list":["post-160476","post","type-post","status-publish","format-standard","has-post-thumbnail","category-corrientes"],"_links":{"self":[{"href":"https:\/\/revistaesperanzas.com\/web\/wp-json\/wp\/v2\/posts\/160476","targetHints":{"allow":["GET"]}}],"collection":[{"href":"https:\/\/revistaesperanzas.com\/web\/wp-json\/wp\/v2\/posts"}],"about":[{"href":"https:\/\/revistaesperanzas.com\/web\/wp-json\/wp\/v2\/types\/post"}],"author":[{"embeddable":true,"href":"https:\/\/revistaesperanzas.com\/web\/wp-json\/wp\/v2\/users\/4"}],"replies":[{"embeddable":true,"href":"https:\/\/revistaesperanzas.com\/web\/wp-json\/wp\/v2\/comments?post=160476"}],"version-history":[{"count":1,"href":"https:\/\/revistaesperanzas.com\/web\/wp-json\/wp\/v2\/posts\/160476\/revisions"}],"predecessor-version":[{"id":160479,"href":"https:\/\/revistaesperanzas.com\/web\/wp-json\/wp\/v2\/posts\/160476\/revisions\/160479"}],"wp:featuredmedia":[{"embeddable":true,"href":"https:\/\/revistaesperanzas.com\/web\/wp-json\/wp\/v2\/media\/160478"}],"wp:attachment":[{"href":"https:\/\/revistaesperanzas.com\/web\/wp-json\/wp\/v2\/media?parent=160476"}],"wp:term":[{"taxonomy":"category","embeddable":true,"href":"https:\/\/revistaesperanzas.com\/web\/wp-json\/wp\/v2\/categories?post=160476"},{"taxonomy":"post_tag","embeddable":true,"href":"https:\/\/revistaesperanzas.com\/web\/wp-json\/wp\/v2\/tags?post=160476"}],"curies":[{"name":"wp","href":"https:\/\/api.w.org\/{rel}","templated":true}]}}