{"id":160481,"date":"2026-09-02T19:02:38","date_gmt":"2026-09-02T22:02:38","guid":{"rendered":"https:\/\/revistaesperanzas.com\/web\/?p=160481"},"modified":"2026-09-02T19:02:39","modified_gmt":"2026-09-02T22:02:39","slug":"loreto-importante-operativo-de-seguridad-realizara-la-policia-de-corrientes-en-el-209-aniversario-de-la-localidad-de-loreto","status":"publish","type":"post","link":"https:\/\/revistaesperanzas.com\/web\/2026\/09\/loreto-importante-operativo-de-seguridad-realizara-la-policia-de-corrientes-en-el-209-aniversario-de-la-localidad-de-loreto\/","title":{"rendered":"LORETO:  IMPORTANTE OPERATIVO DE SEGURIDAD, REALIZAR\u00c1 LA POLIC\u00cdA DE CORRIENTES EN EL &#8220;209 ANIVERSARIO DE LA LOCALIDAD DE LORETO&#8221;"},"content":{"rendered":"<p>Desde el Ministerio de Seguridad, conjuntamente con la Subsecretaria de Seguridad y la Polic\u00eda de la Provincia de Corrientes, a trav\u00e9s de la Direcci\u00f3n General de Coordinaci\u00f3n e Interior; la Unidad Regional VI\u00b0 Ituzaing\u00f3 y de las Comisar\u00edas de distrito que le dependen, de la Direcci\u00f3n General de Seguridad Rural y Ecol\u00f3gica y la Direcci\u00f3n General de Grupos Especiales.<\/p>\n<p>Se ha dispuesto un importante operativo de seguridad, en el marco de los \u201c209\u00ba Aniversario de la Localidad de Loreto &#8211; Corrientes -2026&#8243;, a desarrollarse: primeramente, el viernes 04\/09\/26 un concurso de dibujo y pintura Mario Bofill, en el Museo Art\u00edstico Mario Bofill sito en calle Armengol entre Bartolom\u00e9 Mitre y 9 de Julio, posterior acto y cierre musical en patio Chamamecero que se encuentra dentro del predio del museo antes citado.<a href=\"https:\/\/revistaesperanzas.com\/web\/2026\/09\/loreto-importante-operativo-de-seguridad-realizara-la-policia-de-corrientes-en-el-209-aniversario-de-la-localidad-de-loreto\/209-aniversario\/\" rel=\"attachment wp-att-160483\"><img loading=\"lazy\" decoding=\"async\" class=\" wp-image-160483 alignright\" src=\"https:\/\/revistaesperanzas.com\/web\/wp-content\/uploads\/2026\/09\/209-ANIVERSARIO.jpg\" alt=\"\" width=\"450\" height=\"564\" srcset=\"https:\/\/revistaesperanzas.com\/web\/wp-content\/uploads\/2026\/09\/209-ANIVERSARIO.jpg 500w, https:\/\/revistaesperanzas.com\/web\/wp-content\/uploads\/2026\/09\/209-ANIVERSARIO-335x420.jpg 335w\" sizes=\"auto, (max-width: 450px) 100vw, 450px\" \/><\/a><\/p>\n<p>Adem\u00e1s, tambi\u00e9n se llevar\u00e1 a cabo el d\u00eda 08\/09\/26, la 3ra. Feria Regional Corredor Los 3 Pueblos del Ibera, evento donde participar\u00e1n las localidades de Caa Cati, San Miguel y Loreto, realizando las demostraciones de Artesan\u00edas, gastronom\u00eda, sastrer\u00eda etc., trabajos expuestos en los diferentes stands que ser\u00e1n apostados en inmediaciones del Polideportivo Municipal sito en la manzana que se enmarca entre las calles Paraguay, Juli\u00e1n Gonz\u00e1lez, Armengol Alegre y Bartolom\u00e9 Mitre, iniciando a las 08:30 horas por calle Bartolom\u00e9 Mitre esquina San Martin, a las 17:00 horas se dispondr\u00e1 desfile C\u00edvico-Militar en inmediaciones de la Plaza Mar\u00eda Aponte, por calle Paraguay, culminado el mismo se continuar\u00e1 con el Festival y Cena Comunitaria a llevarse cabo en las instalaciones del predio del Polideportivo Municipal (Manzana comprend\u00eda por las calles Paraguay Juli\u00e1n Gonz\u00e1lez Armengol Alegre y Bartolom\u00e9 Mitre); previ\u00e9ndose una masiva concurrencia de p\u00fablico.<\/p>\n<p>Este Plan de Seguridad, se implementar\u00e1 antes, durante y despu\u00e9s de la culminaci\u00f3n de todas las actividades y eventos, bas\u00e1ndose en la distribuci\u00f3n estrat\u00e9gica de los recursos humanos y materiales, para evitar la alteraci\u00f3n del orden p\u00fablico y la comisi\u00f3n de delitos; como as\u00ed tambi\u00e9n la seguridad vial y actuar ante cualquier circunstancia que amerite la intervenci\u00f3n policial, para que dichos eventos se desarrollen con total normalidad, esto incluye la coordinaci\u00f3n de actividades con los organizadores, autoridades municipales, bomberos, hospital, entre otras.<\/p>\n<p>En este sentido y teniendo en cuenta, la gran afluencia de personas que convoca este evento, se dispondr\u00e1 que en los diferentes controles policiales y los distintos accesos de dicha ciudad, se advierta a los conductores, sobre este evento que se desarrollar\u00e1, para que tomen las precauciones del caso.<\/p>\n<p>Al respecto, se establecer\u00e1 un corredor sanitario, con personal m\u00e9dico y de apoyo disponible durante todo el operativo, con el fin de brindar respuesta inmediata ante cualquier eventualidad, asegurando un traslado r\u00e1pido y seguro hacia los centros asistenciales.<\/p>\n<p>Por tal motivo, se solicita colaboraci\u00f3n de las personas que transiten por la zona, y fundamentalmente a quienes participen del evento, que tomen las precauciones del caso, teniendo en cuenta las indicaciones de los organizadores y del personal de seguridad, a fin de mantener el orden y la seguridad p\u00fablica.<\/p>\n","protected":false},"excerpt":{"rendered":"<p>Desde el Ministerio de Seguridad, conjuntamente con la Subsecretaria de Seguridad y la Polic\u00eda de la Provincia de Corrientes, a trav\u00e9s de la Direcci\u00f3n General de Coordinaci\u00f3n e Interior; la Unidad Regional VI\u00b0 Ituzaing\u00f3 y de las Comisar\u00edas de distrito que le dependen, de la Direcci\u00f3n General de Seguridad Rural y Ecol\u00f3gica y la Direcci\u00f3n [&hellip;]<\/p>\n","protected":false},"author":4,"featured_media":160482,"comment_status":"closed","ping_status":"closed","sticky":false,"template":"","format":"standard","meta":{"footnotes":""},"categories":[58],"tags":[],"class_list":["post-160481","post","type-post","status-publish","format-standard","has-post-thumbnail","category-corrientes"],"_links":{"self":[{"href":"https:\/\/revistaesperanzas.com\/web\/wp-json\/wp\/v2\/posts\/160481","targetHints":{"allow":["GET"]}}],"collection":[{"href":"https:\/\/revistaesperanzas.com\/web\/wp-json\/wp\/v2\/posts"}],"about":[{"href":"https:\/\/revistaesperanzas.com\/web\/wp-json\/wp\/v2\/types\/post"}],"author":[{"embeddable":true,"href":"https:\/\/revistaesperanzas.com\/web\/wp-json\/wp\/v2\/users\/4"}],"replies":[{"embeddable":true,"href":"https:\/\/revistaesperanzas.com\/web\/wp-json\/wp\/v2\/comments?post=160481"}],"version-history":[{"count":2,"href":"https:\/\/revistaesperanzas.com\/web\/wp-json\/wp\/v2\/posts\/160481\/revisions"}],"predecessor-version":[{"id":160485,"href":"https:\/\/revistaesperanzas.com\/web\/wp-json\/wp\/v2\/posts\/160481\/revisions\/160485"}],"wp:featuredmedia":[{"embeddable":true,"href":"https:\/\/revistaesperanzas.com\/web\/wp-json\/wp\/v2\/media\/160482"}],"wp:attachment":[{"href":"https:\/\/revistaesperanzas.com\/web\/wp-json\/wp\/v2\/media?parent=160481"}],"wp:term":[{"taxonomy":"category","embeddable":true,"href":"https:\/\/revistaesperanzas.com\/web\/wp-json\/wp\/v2\/categories?post=160481"},{"taxonomy":"post_tag","embeddable":true,"href":"https:\/\/revistaesperanzas.com\/web\/wp-json\/wp\/v2\/tags?post=160481"}],"curies":[{"name":"wp","href":"https:\/\/api.w.org\/{rel}","templated":true}]}}