{"id":160489,"date":"2026-09-02T21:22:46","date_gmt":"2026-09-03T00:22:46","guid":{"rendered":"https:\/\/revistaesperanzas.com\/web\/?p=160489"},"modified":"2026-09-02T21:22:46","modified_gmt":"2026-09-03T00:22:46","slug":"parte-de-prensa-comisaria-seccional-quinta-goya","status":"publish","type":"post","link":"https:\/\/revistaesperanzas.com\/web\/2026\/09\/parte-de-prensa-comisaria-seccional-quinta-goya\/","title":{"rendered":"PARTE DE PRENSA: COMISAR\u00cdA SECCIONAL QUINTA \u2013 GOYA"},"content":{"rendered":"<p>Bajo la conducci\u00f3n del Comisario Inspector Miguel Canteros, en el d\u00eda de la fecha, personal policial de la Comisar\u00eda Seccional Quinta tom\u00f3 conocimiento de que personas desconocidas habr\u00edan ingresado a un local comercial ubicado sobre avenida Neustadt, desde donde sustrajeron dos (02) televisores de plasma.<\/p>\n<p>Tomado conocimiento del hecho, de manera inmediata se iniciaron las tareas investigativas, verific\u00e1ndose las c\u00e1maras de seguridad del comercio, mediante las cuales se logr\u00f3 reconocer e identificar a los presuntos autores del il\u00edcito.<\/p>\n<p>El procedimiento estuvo encabezado por el Sargento Ayudante Friser y la Sgto Demarchi quienes llevaron adelante las diligencias investigativas que permitieron recuperar la totalidad de los elementos sustra\u00eddos y proceder a la captura de los autores del hecho.<\/p>\n<p>Los televisores recuperados fueron restituidos a su propietario, en tanto que los autores quedaron puestos a disposici\u00f3n de la autoridad judicial interviniente, continu\u00e1ndose con las actuaciones de rigor.<\/p>\n","protected":false},"excerpt":{"rendered":"<p>Bajo la conducci\u00f3n del Comisario Inspector Miguel Canteros, en el d\u00eda de la fecha, personal policial de la Comisar\u00eda Seccional Quinta tom\u00f3 conocimiento de que personas desconocidas habr\u00edan ingresado a un local comercial ubicado sobre avenida Neustadt, desde donde sustrajeron dos (02) televisores de plasma. Tomado conocimiento del hecho, de manera inmediata se iniciaron las [&hellip;]<\/p>\n","protected":false},"author":4,"featured_media":160490,"comment_status":"closed","ping_status":"closed","sticky":false,"template":"","format":"standard","meta":{"footnotes":""},"categories":[45],"tags":[],"class_list":["post-160489","post","type-post","status-publish","format-standard","has-post-thumbnail","category-locales"],"_links":{"self":[{"href":"https:\/\/revistaesperanzas.com\/web\/wp-json\/wp\/v2\/posts\/160489","targetHints":{"allow":["GET"]}}],"collection":[{"href":"https:\/\/revistaesperanzas.com\/web\/wp-json\/wp\/v2\/posts"}],"about":[{"href":"https:\/\/revistaesperanzas.com\/web\/wp-json\/wp\/v2\/types\/post"}],"author":[{"embeddable":true,"href":"https:\/\/revistaesperanzas.com\/web\/wp-json\/wp\/v2\/users\/4"}],"replies":[{"embeddable":true,"href":"https:\/\/revistaesperanzas.com\/web\/wp-json\/wp\/v2\/comments?post=160489"}],"version-history":[{"count":1,"href":"https:\/\/revistaesperanzas.com\/web\/wp-json\/wp\/v2\/posts\/160489\/revisions"}],"predecessor-version":[{"id":160491,"href":"https:\/\/revistaesperanzas.com\/web\/wp-json\/wp\/v2\/posts\/160489\/revisions\/160491"}],"wp:featuredmedia":[{"embeddable":true,"href":"https:\/\/revistaesperanzas.com\/web\/wp-json\/wp\/v2\/media\/160490"}],"wp:attachment":[{"href":"https:\/\/revistaesperanzas.com\/web\/wp-json\/wp\/v2\/media?parent=160489"}],"wp:term":[{"taxonomy":"category","embeddable":true,"href":"https:\/\/revistaesperanzas.com\/web\/wp-json\/wp\/v2\/categories?post=160489"},{"taxonomy":"post_tag","embeddable":true,"href":"https:\/\/revistaesperanzas.com\/web\/wp-json\/wp\/v2\/tags?post=160489"}],"curies":[{"name":"wp","href":"https:\/\/api.w.org\/{rel}","templated":true}]}}