{"id":160492,"date":"2026-09-02T21:26:15","date_gmt":"2026-09-03T00:26:15","guid":{"rendered":"https:\/\/revistaesperanzas.com\/web\/?p=160492"},"modified":"2026-09-02T21:26:15","modified_gmt":"2026-09-03T00:26:15","slug":"parte-de-prensa-en-goya-se-esclarece-un-robo-a-un-comercio-y-detienen-a-la-autora-del-mismo","status":"publish","type":"post","link":"https:\/\/revistaesperanzas.com\/web\/2026\/09\/parte-de-prensa-en-goya-se-esclarece-un-robo-a-un-comercio-y-detienen-a-la-autora-del-mismo\/","title":{"rendered":"PARTE DE PRENSA: EN GOYA SE ESCLARECE UN ROBO A UN COMERCIO Y DETIENEN A LA AUTORA DEL MISMO"},"content":{"rendered":"<p>La Comisar\u00eda Primera de Goya intervino ante un hecho de robo agravado por el uso de arma blanca, ocurrido durante el mediod\u00eda de este mi\u00e9rcoles en un local comercial ubicado por calle Espa\u00f1a al 400 de esta ciudad.<\/p>\n<p>De acuerdo con la denuncia, una mujer habr\u00eda ingresado al comercio y, empu\u00f1ando un arma blanca, sustrajo prendas de vestir y otros elementos, para luego darse a la fuga.<\/p>\n<p>A partir de las tareas investigativas y el an\u00e1lisis de las secuencias f\u00edlmicas, personal policial logr\u00f3 identificar a la presunta autora del hecho y posteriormente concret\u00f3 su aprehensi\u00f3n.<\/p>\n<div style=\"width: 640px;\" class=\"wp-video\"><video class=\"wp-video-shortcode\" id=\"video-160492-1\" width=\"640\" height=\"368\" preload=\"metadata\" controls=\"controls\"><source type=\"video\/mp4\" src=\"https:\/\/revistaesperanzas.com\/web\/wp-content\/uploads\/2026\/09\/WhatsApp-Video-2026-09-02-at-19.56.15.mp4?_=1\" \/><a href=\"https:\/\/revistaesperanzas.com\/web\/wp-content\/uploads\/2026\/09\/WhatsApp-Video-2026-09-02-at-19.56.15.mp4\">https:\/\/revistaesperanzas.com\/web\/wp-content\/uploads\/2026\/09\/WhatsApp-Video-2026-09-02-at-19.56.15.mp4<\/a><\/video><\/div>\n<p>La mujer fue trasladada al Hospital Zonal de Goya, donde qued\u00f3 internada para recibir atenci\u00f3n m\u00e9dica, permaneciendo bajo custodia de personal policial femenino, conforme a las disposiciones correspondientes.<\/p>\n<p>La investigaci\u00f3n contin\u00faa con intervenci\u00f3n de la autoridad judicial competente, a fin de esclarecer totalmente las circunstancias del hecho.<\/p>\n","protected":false},"excerpt":{"rendered":"<p>La Comisar\u00eda Primera de Goya intervino ante un hecho de robo agravado por el uso de arma blanca, ocurrido durante el mediod\u00eda de este mi\u00e9rcoles en un local comercial ubicado por calle Espa\u00f1a al 400 de esta ciudad. De acuerdo con la denuncia, una mujer habr\u00eda ingresado al comercio y, empu\u00f1ando un arma blanca, sustrajo [&hellip;]<\/p>\n","protected":false},"author":4,"featured_media":160493,"comment_status":"closed","ping_status":"closed","sticky":false,"template":"","format":"standard","meta":{"footnotes":""},"categories":[45],"tags":[],"class_list":["post-160492","post","type-post","status-publish","format-standard","has-post-thumbnail","category-locales"],"_links":{"self":[{"href":"https:\/\/revistaesperanzas.com\/web\/wp-json\/wp\/v2\/posts\/160492","targetHints":{"allow":["GET"]}}],"collection":[{"href":"https:\/\/revistaesperanzas.com\/web\/wp-json\/wp\/v2\/posts"}],"about":[{"href":"https:\/\/revistaesperanzas.com\/web\/wp-json\/wp\/v2\/types\/post"}],"author":[{"embeddable":true,"href":"https:\/\/revistaesperanzas.com\/web\/wp-json\/wp\/v2\/users\/4"}],"replies":[{"embeddable":true,"href":"https:\/\/revistaesperanzas.com\/web\/wp-json\/wp\/v2\/comments?post=160492"}],"version-history":[{"count":1,"href":"https:\/\/revistaesperanzas.com\/web\/wp-json\/wp\/v2\/posts\/160492\/revisions"}],"predecessor-version":[{"id":160495,"href":"https:\/\/revistaesperanzas.com\/web\/wp-json\/wp\/v2\/posts\/160492\/revisions\/160495"}],"wp:featuredmedia":[{"embeddable":true,"href":"https:\/\/revistaesperanzas.com\/web\/wp-json\/wp\/v2\/media\/160493"}],"wp:attachment":[{"href":"https:\/\/revistaesperanzas.com\/web\/wp-json\/wp\/v2\/media?parent=160492"}],"wp:term":[{"taxonomy":"category","embeddable":true,"href":"https:\/\/revistaesperanzas.com\/web\/wp-json\/wp\/v2\/categories?post=160492"},{"taxonomy":"post_tag","embeddable":true,"href":"https:\/\/revistaesperanzas.com\/web\/wp-json\/wp\/v2\/tags?post=160492"}],"curies":[{"name":"wp","href":"https:\/\/api.w.org\/{rel}","templated":true}]}}