{"id":160496,"date":"2026-09-02T21:28:58","date_gmt":"2026-09-03T00:28:58","guid":{"rendered":"https:\/\/revistaesperanzas.com\/web\/?p=160496"},"modified":"2026-09-02T21:28:58","modified_gmt":"2026-09-03T00:28:58","slug":"general-paz-demoran-a-un-joven-y-secuestran-una-motocicleta-de-dudosa-procedencia","status":"publish","type":"post","link":"https:\/\/revistaesperanzas.com\/web\/2026\/09\/general-paz-demoran-a-un-joven-y-secuestran-una-motocicleta-de-dudosa-procedencia\/","title":{"rendered":"GENERAL PAZ: DEMORAN A UN JOVEN Y SECUESTRAN UNA MOTOCICLETA DE DUDOSA PROCEDENCIA"},"content":{"rendered":"<p>En la jornada de hoy 02-09-26, efectivos policiales de la Direcci\u00f3n General de Seguridad Rural y Ecol\u00f3gica de Caa Cati, realizando sus labores de prevenci\u00f3n, secuestraron una motocicleta de dudosa procedencia y demoraron a un joven.<\/p>\n<p>El procedimiento se concret\u00f3, en momento en que los funcionarios se encontraban emplazados sobre Ruta Provincial 13 en cercan\u00eda al Paraje Tacuaral, realizando trabajo de prevenci\u00f3n y control vehicular, donde procedieron al secuestro preventivo de una motocicleta -marca Motomel 110 cc.- la cual presentar\u00eda anormalidades en la enumeraci\u00f3n del motor \u201climada\u201d, por ello, demoraron a un joven quien no contaba con las documentaciones correspondientes del rodado ni supo justificar su propiedad.<\/p>\n<p>Por tal motivo, el veh\u00edculo secuestrado y el demorado fueron trasladados a la dependencia policial, a fin de continuar con las diligencias de rigor correspondientes.<\/p>\n","protected":false},"excerpt":{"rendered":"<p>En la jornada de hoy 02-09-26, efectivos policiales de la Direcci\u00f3n General de Seguridad Rural y Ecol\u00f3gica de Caa Cati, realizando sus labores de prevenci\u00f3n, secuestraron una motocicleta de dudosa procedencia y demoraron a un joven. El procedimiento se concret\u00f3, en momento en que los funcionarios se encontraban emplazados sobre Ruta Provincial 13 en cercan\u00eda [&hellip;]<\/p>\n","protected":false},"author":4,"featured_media":160497,"comment_status":"closed","ping_status":"closed","sticky":false,"template":"","format":"standard","meta":{"footnotes":""},"categories":[58],"tags":[],"class_list":["post-160496","post","type-post","status-publish","format-standard","has-post-thumbnail","category-corrientes"],"_links":{"self":[{"href":"https:\/\/revistaesperanzas.com\/web\/wp-json\/wp\/v2\/posts\/160496","targetHints":{"allow":["GET"]}}],"collection":[{"href":"https:\/\/revistaesperanzas.com\/web\/wp-json\/wp\/v2\/posts"}],"about":[{"href":"https:\/\/revistaesperanzas.com\/web\/wp-json\/wp\/v2\/types\/post"}],"author":[{"embeddable":true,"href":"https:\/\/revistaesperanzas.com\/web\/wp-json\/wp\/v2\/users\/4"}],"replies":[{"embeddable":true,"href":"https:\/\/revistaesperanzas.com\/web\/wp-json\/wp\/v2\/comments?post=160496"}],"version-history":[{"count":1,"href":"https:\/\/revistaesperanzas.com\/web\/wp-json\/wp\/v2\/posts\/160496\/revisions"}],"predecessor-version":[{"id":160498,"href":"https:\/\/revistaesperanzas.com\/web\/wp-json\/wp\/v2\/posts\/160496\/revisions\/160498"}],"wp:featuredmedia":[{"embeddable":true,"href":"https:\/\/revistaesperanzas.com\/web\/wp-json\/wp\/v2\/media\/160497"}],"wp:attachment":[{"href":"https:\/\/revistaesperanzas.com\/web\/wp-json\/wp\/v2\/media?parent=160496"}],"wp:term":[{"taxonomy":"category","embeddable":true,"href":"https:\/\/revistaesperanzas.com\/web\/wp-json\/wp\/v2\/categories?post=160496"},{"taxonomy":"post_tag","embeddable":true,"href":"https:\/\/revistaesperanzas.com\/web\/wp-json\/wp\/v2\/tags?post=160496"}],"curies":[{"name":"wp","href":"https:\/\/api.w.org\/{rel}","templated":true}]}}