{"id":160502,"date":"2026-09-02T22:23:55","date_gmt":"2026-09-03T01:23:55","guid":{"rendered":"https:\/\/revistaesperanzas.com\/web\/?p=160502"},"modified":"2026-09-02T22:23:55","modified_gmt":"2026-09-03T01:23:55","slug":"intenso-debate-en-el-concejo-deliberante-de-nuestra-ciudad-por-proyectos-sobre-reclamos-de-los-profesionales-del-hospital-regional-dr-camilo-muniagurria","status":"publish","type":"post","link":"https:\/\/revistaesperanzas.com\/web\/2026\/09\/intenso-debate-en-el-concejo-deliberante-de-nuestra-ciudad-por-proyectos-sobre-reclamos-de-los-profesionales-del-hospital-regional-dr-camilo-muniagurria\/","title":{"rendered":"INTENSO DEBATE EN EL CONCEJO DELIBERANTE DE NUESTRA CIUDAD POR PROYECTOS SOBRE RECLAMOS DE LOS PROFESIONALES DEL HOSPITAL REGIONAL DR. CAMILO MUNIAGURRIA"},"content":{"rendered":"<p>Oficialismo y oposici\u00f3n presentaron sendos proyectos para tratar la situaci\u00f3n de m\u00e9dicos y dem\u00e1s profesionales del Hospital Regional de Goya \u201cProf. Dr. Camilo Muniagurria\u201d. Ambas bancadas pretend\u00edan que sus iniciativas sean debatidas sobre tablas en la sesi\u00f3n de este mi\u00e9rcoles, pero ninguna de las dos reuni\u00f3 los dos tercios (10 concejales) del Cuerpo y al no alcanzarse un consenso fueron remitidas a la Comisi\u00f3n de Salud. M\u00e9dicas del Hospital participaron de la sesi\u00f3n. En el Libre uso de la Palabra tambi\u00e9n se suscitaron fueron cruces verbales en torno a la pol\u00edtica econ\u00f3mica nacional y el cierre de la textil Alal y de comercios en Goya.<\/p>\n<p>La 15\u00b0 sesi\u00f3n ordinaria del a\u00f1o del Concejo Deliberante de Goya, fue presidida por el Vice Intendente y presidente nato del Cuerpo, contador Sebasti\u00e1n Mazzaro, y en su transcurso, concejales del oficialismo y de la oposici\u00f3n expusieron, por momentos con vehemencia, sus argumentos en torno a los proyectos presentados para tratar la situaci\u00f3n de m\u00e9dicos y dem\u00e1s profesionales del Hospital Regional de Goya \u201cProf. Dr. Camilo Muniagurria\u201d.<a href=\"https:\/\/revistaesperanzas.com\/web\/2026\/09\/intenso-debate-en-el-concejo-deliberante-de-nuestra-ciudad-por-proyectos-sobre-reclamos-de-los-profesionales-del-hospital-regional-dr-camilo-muniagurria\/hcd-goya-sesion-2-septiembre-1\/\" rel=\"attachment wp-att-160504\"><img loading=\"lazy\" decoding=\"async\" class=\" wp-image-160504 alignleft\" src=\"https:\/\/revistaesperanzas.com\/web\/wp-content\/uploads\/2026\/09\/HCD-GOYA-SESION-2-SEPTIEMBRE-1.jpeg\" alt=\"\" width=\"500\" height=\"375\" srcset=\"https:\/\/revistaesperanzas.com\/web\/wp-content\/uploads\/2026\/09\/HCD-GOYA-SESION-2-SEPTIEMBRE-1.jpeg 600w, https:\/\/revistaesperanzas.com\/web\/wp-content\/uploads\/2026\/09\/HCD-GOYA-SESION-2-SEPTIEMBRE-1-560x420.jpeg 560w, https:\/\/revistaesperanzas.com\/web\/wp-content\/uploads\/2026\/09\/HCD-GOYA-SESION-2-SEPTIEMBRE-1-80x60.jpeg 80w, https:\/\/revistaesperanzas.com\/web\/wp-content\/uploads\/2026\/09\/HCD-GOYA-SESION-2-SEPTIEMBRE-1-265x198.jpeg 265w\" sizes=\"auto, (max-width: 500px) 100vw, 500px\" \/><\/a><\/p>\n<p>Ambas bancadas pretend\u00edan que sus iniciativas sean debatidas sobre tablas en la sesi\u00f3n de este mi\u00e9rcoles, pero ninguna de las dos reuni\u00f3 los dos tercios (10 concejales) del Cuerpo y al no alcanzarse un consenso fueron remitidas a la Comisi\u00f3n de Salud.<\/p>\n<p><strong>DOS INICIATIVAS<\/strong><\/p>\n<p>Tras la bienvenida por parte del presidente del HCD a los presentes, entre ellos, profesionales m\u00e9dicas del Hospital Regional, se dio lectura al Orden del Dia, tras lo cual el concejal Emanuel Blanco (Vamos Peronistas- Vamos Corrientes) pidi\u00f3 la incorporaci\u00f3n al Orden del Dia, del proyecto de Resoluci\u00f3n autor\u00eda de los concejales Vivian Merlo, Marcelo Frattini, Ver\u00f3nica Ram\u00edrez, Gabriela Refojos, M\u00f3nica Cortinovis y Susana Quiroz, Jos\u00e9 Novello y Emanuel Blanco sobre \u201cHacer lugar a la solicitud de audiencia suscripta por personal del Hospital Regional \u201cDr. Camilo Muniagurria\u201d de la ciudad de Goya. Puesto a votaci\u00f3n la iniciativa sum\u00f3 9 votos, uno menos que el requisito establecido para ser tratado sobre tablas por lo que no pudo ser debatido en la sesi\u00f3n.<\/p>\n<p>Seguidamente pidi\u00f3 la palabra la concejal Valeria Calvi (UCR disidente) y solicit\u00f3 la incorporaci\u00f3n al Orden del Dia del proyecto Resoluci\u00f3n autor\u00eda suya junto a los concejales Nahuel Cabrol, Marcos Gonz\u00e1lez, Bel\u00e9n Gogga Eladia Fern\u00e1ndez y Oscar Ferrero sobre \u201cDeclarar de inter\u00e9s municipal el reclamo de los profesionales del Hospital Regional de Goya \u201cProf. Dr. Camilo Muniagurria\u201d y exhorta al Gobierno Provincial a reglamentar la Ley de Negociaci\u00f3n Colectiva. Como en el proyecto anterior se procedi\u00f3 a la votaci\u00f3n y reuni\u00f3<\/p>\n<p>7 votos a favor por lo que, al no lograr los 10 votos necesarios para poder ser tratado sobre tablas, pas\u00f3 a comisi\u00f3n.<\/p>\n<p><strong>Concejal Blanco<\/strong><\/p>\n<p>Intervino entonces el concejal Emanuel Blanco (Vamos Peronistas). El edil del oficialismo dijo que era \u201cuna pena no poder llegar a un acuerdo con este tema tan importante, para poder tratarlo\u201d. Se\u00f1alo que el proyecto presentado por ocho concejales \u201cest\u00e1 claro y hace lugar al pedido oportuno de la nota hecha por el personal del Hospital, en donde pide al Consejo Deliberante poder reunirse con la comisi\u00f3n de Salud\u201d.<a href=\"https:\/\/revistaesperanzas.com\/web\/2026\/09\/intenso-debate-en-el-concejo-deliberante-de-nuestra-ciudad-por-proyectos-sobre-reclamos-de-los-profesionales-del-hospital-regional-dr-camilo-muniagurria\/hcd-goya-sesion-2-septiembre-3-medicos-hospital-regional-goya\/\" rel=\"attachment wp-att-160505\"><img loading=\"lazy\" decoding=\"async\" class=\" wp-image-160505 alignright\" src=\"https:\/\/revistaesperanzas.com\/web\/wp-content\/uploads\/2026\/09\/HCD-GOYA-SESION-2-SEPTIEMBRE-3-MEDICOS-HOSPITAL-REGIONAL-GOYA.jpeg\" alt=\"\" width=\"500\" height=\"375\" srcset=\"https:\/\/revistaesperanzas.com\/web\/wp-content\/uploads\/2026\/09\/HCD-GOYA-SESION-2-SEPTIEMBRE-3-MEDICOS-HOSPITAL-REGIONAL-GOYA.jpeg 600w, https:\/\/revistaesperanzas.com\/web\/wp-content\/uploads\/2026\/09\/HCD-GOYA-SESION-2-SEPTIEMBRE-3-MEDICOS-HOSPITAL-REGIONAL-GOYA-560x420.jpeg 560w, https:\/\/revistaesperanzas.com\/web\/wp-content\/uploads\/2026\/09\/HCD-GOYA-SESION-2-SEPTIEMBRE-3-MEDICOS-HOSPITAL-REGIONAL-GOYA-80x60.jpeg 80w, https:\/\/revistaesperanzas.com\/web\/wp-content\/uploads\/2026\/09\/HCD-GOYA-SESION-2-SEPTIEMBRE-3-MEDICOS-HOSPITAL-REGIONAL-GOYA-265x198.jpeg 265w\" sizes=\"auto, (max-width: 500px) 100vw, 500px\" \/><\/a><\/p>\n<p>Dijo que lo que busca el proyecto presentado por el oficialismo es \u201cpoder armar una comisi\u00f3n con los 15 concejales y poder reunirnos con el personal m\u00e9dico\u201d del Hospital Regional \u201cCamilo Maniagurria\u201d. \u201cEs un tema complejo, un tema que hay que tratarlo, lo que qued\u00f3 en claro es que cada uno tiene una \u00f3ptica distinta\u201d. Y que el oficialismo buscaba era \u201cgenerar ese espacio solicitado por los m\u00e9dicos, desligados totalmente de la politiquer\u00eda que genera una declaraci\u00f3n de inter\u00e9s y una aprobaci\u00f3n de un proyecto sobre tablas que claramente hay que trabajarlo\u201d.<\/p>\n<p>Por eso, expreso la intenci\u00f3n era \u201creunirse primero con el personal del Hospital para luego poder realizar dicha declaraci\u00f3n de inter\u00e9s. Estoy hablando de reunirnos institucionalmente los 15 concejales como tienen que ser escuchar a los m\u00e9dicos de nuestra ciudad y oportunamente poder sacar una emanaci\u00f3n de la voluntad de este Cuerpo hacia la sociedad y hacia la provincia o ante quien consideremos en ese caso que tenga que hacerse el reclamo\u201d, sostuvo Blanco. Y acot\u00f3 que confiaba que la Comisi\u00f3n de Salud iba a recibir a los profesionales del Hospital y podr\u00edan reunirse en una ampliada con todos los concejales.<\/p>\n<p><strong>Concejal Calvi<\/strong><\/p>\n<p>En tanto, la concejal Valeria Calvi, \u201clament\u00f3 enormemente que reci\u00e9n ahora se presente el proyecto habiendo los profesionales de la salud enviado una nota a este Concejo el 3 de agosto, hace un mes\u201d.<\/p>\n<p>Coment\u00f3 que los ediles de la oposici\u00f3n tomaron la nota presentada por m\u00e9dicos y otros profesionales de la salud que estaba en la secretaria del HCD y que se reunieron con ellos para escuchar su problem\u00e1tica.<\/p>\n<p>Calvi manifest\u00f3 que el proyecto de resoluci\u00f3n (de la minor\u00eda) \u201cno fue redactado al azar, fue redactado en forma conjunta con los profesionales de la salud del Hospital Regional doctor Camilo Muniagurria. Han sido los actores quienes han tenido participaci\u00f3n en este<\/p>\n<p>proyecto y nosotros hemos tenido la intenci\u00f3n, muy buena como concejales de enviarles a ustedes a trav\u00e9s de sus correos el proyecto para que lo puedan leer y analizar\u201d.<\/p>\n<p>La edil de la UCR disidente dijo que la problem\u00e1tica estaba plasmada en el proyecto, y que la soluci\u00f3n institucional de acompa\u00f1ar \u201cest\u00e1 en nosotros\u201d. \u201cNo hay una defensa real a la salud p\u00fablica si no acompa\u00f1amos a quienes la sostienen diariamente. Esa es nuestra posici\u00f3n, ellos requer\u00edan premura, han pedido tres notas al ministro de Salud que no fueron contestadas, han enviado notas a las autoridades de este Municipio y tambi\u00e9n lo han hecho al Concejo Deliberante\u201d, remarc\u00f3.<\/p>\n<p>Consider\u00f3 que como actuaron como concejales, y representantes de la ciudadan\u00eda toda, \u201cporque no son solamente profesionales de la salud, son ciudadanos goyanos a quienes nosotros representamos y est\u00e1n con una problem\u00e1tica importante y lo hemos escuchado\u201d.<a href=\"https:\/\/revistaesperanzas.com\/web\/2026\/09\/intenso-debate-en-el-concejo-deliberante-de-nuestra-ciudad-por-proyectos-sobre-reclamos-de-los-profesionales-del-hospital-regional-dr-camilo-muniagurria\/hcd-goya-sesion-2-septiembre-4\/\" rel=\"attachment wp-att-160506\"><img loading=\"lazy\" decoding=\"async\" class=\" wp-image-160506 alignleft\" src=\"https:\/\/revistaesperanzas.com\/web\/wp-content\/uploads\/2026\/09\/HCD-GOYA-SESION-2-SEPTIEMBRE-4.jpeg\" alt=\"\" width=\"500\" height=\"375\" srcset=\"https:\/\/revistaesperanzas.com\/web\/wp-content\/uploads\/2026\/09\/HCD-GOYA-SESION-2-SEPTIEMBRE-4.jpeg 600w, https:\/\/revistaesperanzas.com\/web\/wp-content\/uploads\/2026\/09\/HCD-GOYA-SESION-2-SEPTIEMBRE-4-560x420.jpeg 560w, https:\/\/revistaesperanzas.com\/web\/wp-content\/uploads\/2026\/09\/HCD-GOYA-SESION-2-SEPTIEMBRE-4-80x60.jpeg 80w, https:\/\/revistaesperanzas.com\/web\/wp-content\/uploads\/2026\/09\/HCD-GOYA-SESION-2-SEPTIEMBRE-4-265x198.jpeg 265w\" sizes=\"auto, (max-width: 500px) 100vw, 500px\" \/><\/a><\/p>\n<p>Aclar\u00f3 Calvi que con el proyecto presentado \u201cno interven\u00edamos en ninguna cuesti\u00f3n provincial, simplemente le d\u00e1bamos un apoyo institucional a profesionales m\u00e9dicos, a ciudadanos goyanos y permit\u00edamos que la salud p\u00fablica que tanto defendemos sea una realidad. Yo lamento m\u00e1s que usted -le dijo a su par Blanco- que hoy no le demos una soluci\u00f3n y que la vamos a esperar hasta el jueves o cuando se decida reunirse, escucharlos. El 3 del 8 fue ingresada la nota, la premura es ya inmediata. Podr\u00edamos hoy darle una soluci\u00f3n, quiz\u00e1s porque surgi\u00f3 de la minor\u00eda ir a visitar y escuchar a los profesionales de la salud, esto hoy no se pueda tratar\u201d.<\/p>\n<p>La concejal cont\u00f3 que la reuni\u00f3n con los profesionales de la salud no fue a escondidas. \u201cNos reunimos en el auditorio del Hospital Zonal de Goya\u201d afirm\u00f3 y volvi\u00f3 a lamentar que no se pueda tratar el proyecto presentado. \u201cHoy est\u00e1n los profesionales -que piden que la ley 6033 sea reglamentada- pensando quiz\u00e1s que todos vamos a estar acompa\u00f1\u00e1ndolos. Lamento profundamente que hoy no les podamos dar la soluci\u00f3n, quiz\u00e1s sea conveniente que los 15 pidamos una sesi\u00f3n especial para tratar y resolver espec\u00edficamente este proyecto presentado\u201d, cerr\u00f3 Calvi.<\/p>\n<p><strong>Concejal Gonz\u00e1lez<\/strong><\/p>\n<p>Pidi\u00f3 la palabra luego el concejal Marcos Gonz\u00e1lez y propuso al Cuerpo \u201chacer una moci\u00f3n de reconsideraci\u00f3n\u201d. \u201cNo podemos hacerlo pasar por las dilaciones de las comisiones\u201d, dijo y propuso al oficialismo que reconsideren la incorporaci\u00f3n al orden del d\u00eda del proyecto de la oposici\u00f3n para ser tratado sobre tablas.<\/p>\n<p>No hacerlo, a su juicio, era sostener una posici\u00f3n \u201cpol\u00edticamente mezquina. Y nosotros no le podemos responder de esa manera a los que cuidan nuestra salud\u201d, dijo.<\/p>\n<p>Precis\u00f3 que la Carta Org\u00e1nica Municipal, en el art\u00edculo 29, se\u00f1ala que a la Municipalidad le corresponder\u00e1 \u201cel control, promoci\u00f3n y protecci\u00f3n de la salud, garantizando a sus habitantes el goce de las mejores condiciones de prevenci\u00f3n y asistencia\u201d. Y agrega que esa declaraci\u00f3n \u201cmanda a realizar todos los convenios, acuerdos y gestiones necesarias para lograr ese fin. Esta resoluci\u00f3n de declaraci\u00f3n de inter\u00e9s es una propuesta concreta de soluci\u00f3n\u201d, afirm\u00f3.<\/p>\n<p>Record\u00f3 que hab\u00eda un antecedente con la Resoluci\u00f3n 4.444 del 2025 del HCD de Goya que hizo una declaraci\u00f3n por la falta de anestesi\u00f3logos en el Hospital Regional y que en esa resoluci\u00f3n que aprob\u00f3 el Cuerpo se \u201cmanifiesta la preocupaci\u00f3n al gobierno provincial por lo que est\u00e1 pasando en el sistema de salud\u201d. Por lo que a su juicio la salud de los vecinos, que es competencia municipal, merece una respuesta inmediata\u201d.<\/p>\n<p>Gonz\u00e1lez aludi\u00f3 tambi\u00e9n a la Resoluci\u00f3n 1996 del Concejo Deliberante que se adhiri\u00f3 a un reclamo de docentes provinciales. \u201cLo menciono como analog\u00eda, porque es una situaci\u00f3n de empleados de gobierno provincial, y que en su momento este Cuerpo entendi\u00f3 que no se estaba hablando del sueldo de los docentes, sino de la educaci\u00f3n de nuestros hijos\u201d.<\/p>\n<p>Record\u00f3 que la nota de los profesionales de la salud \u201cestaba desde principio de agosto\u201d en el Concejo y que pidieron retirarla el martes \u201cdespu\u00e9s que se hab\u00eda enviado el orden del d\u00eda y despu\u00e9s de que se enteraron que estaba el proyecto de resoluci\u00f3n de inter\u00e9s\u201d presentado por la oposici\u00f3n.<a href=\"https:\/\/revistaesperanzas.com\/web\/2026\/09\/intenso-debate-en-el-concejo-deliberante-de-nuestra-ciudad-por-proyectos-sobre-reclamos-de-los-profesionales-del-hospital-regional-dr-camilo-muniagurria\/hcd-goya-sesion-2-septiembre-6\/\" rel=\"attachment wp-att-160507\"><img loading=\"lazy\" decoding=\"async\" class=\" wp-image-160507 alignright\" src=\"https:\/\/revistaesperanzas.com\/web\/wp-content\/uploads\/2026\/09\/HCD-GOYA-SESION-2-SEPTIEMBRE-6.jpeg\" alt=\"\" width=\"500\" height=\"375\" srcset=\"https:\/\/revistaesperanzas.com\/web\/wp-content\/uploads\/2026\/09\/HCD-GOYA-SESION-2-SEPTIEMBRE-6.jpeg 600w, https:\/\/revistaesperanzas.com\/web\/wp-content\/uploads\/2026\/09\/HCD-GOYA-SESION-2-SEPTIEMBRE-6-560x420.jpeg 560w, https:\/\/revistaesperanzas.com\/web\/wp-content\/uploads\/2026\/09\/HCD-GOYA-SESION-2-SEPTIEMBRE-6-80x60.jpeg 80w, https:\/\/revistaesperanzas.com\/web\/wp-content\/uploads\/2026\/09\/HCD-GOYA-SESION-2-SEPTIEMBRE-6-265x198.jpeg 265w\" sizes=\"auto, (max-width: 500px) 100vw, 500px\" \/><\/a><\/p>\n<p>Cuestion\u00f3 adem\u00e1s el incumplimiento del gobierno provincial para reglamentar la ley 6033 que fue sancionada \u201chace 15 a\u00f1os\u201d. \u201cEso es un incumplimiento y una gravedad constitucional\u201d, subray\u00f3 el edil del PJ e insisti\u00f3 con el pedido de reconsideraci\u00f3n \u201cpara que se incorpore al orden del d\u00eda y despu\u00e9s cada uno puede votar a conciencia\u201d.<\/p>\n<p><strong>Concejal Ferrero<\/strong><\/p>\n<p>Habl\u00f3 luego el concejal Oscar Ferrero. El edil del Frente Renovador (oposici\u00f3n) dijo que acompa\u00f1aba el pedido hecho por la concejal Calvi, que adher\u00eda a lo manifestado por Gonz\u00e1lez y respecto de lo expresado por su par Emanuel Blanco que el Cuerpo en su totalidad considere el reclamo pidi\u00f3 \u201cque se tome de manera urgente el tratamiento\u201d.<\/p>\n<p>\u201cNo solamente para lograr una recomposici\u00f3n salarial de los m\u00e9dicos, sino que a trav\u00e9s de este primer pedido de declaraci\u00f3n de inter\u00e9s de recomposici\u00f3n salarial a un sector puede repercutir en docentes, en fuerzas de seguridad y, \u00bfpor qu\u00e9 no?, en el personal municipal. As\u00ed que les pido a todos que reveamos lo que se vot\u00f3 anteriormente y que podamos darle a esto un final feliz el d\u00eda de hoy\u201d, augur\u00f3.<\/p>\n<p><strong>Concejal Blanco.<\/strong><\/p>\n<p>Volvi\u00f3 a intervenir el concejal Emanuel Blanco. Y plante\u00f3 tambi\u00e9n reconsiderar el proyecto del oficialismo \u201cporque si no parece que ac\u00e1 hay una cuesti\u00f3n de diferentes concepciones y acusaciones de como que no se quiere tratar la cuesti\u00f3n. Ac\u00e1 hay una cuesti\u00f3n de procedimiento legislativo que tenemos que ver, tenemos que saber bien la cuesti\u00f3n de fondo\u201d, sostuvo.<\/p>\n<p>Y acot\u00f3 que desde el oficialismo no es que no quer\u00edan tratar el proyecto de la oposici\u00f3n. \u201cEstamos diciendo que queremos interiorizarnos todos sobre esta cuesti\u00f3n. Tomamos nosotros la nota presentada (por los m\u00e9dicos), donde el pedido era solamente reunirse con la Comisi\u00f3n de Salud, y proponemos hacer una reuni\u00f3n con los 15 y tomo lo que dijo la concejal Calvi de ser necesario poder hacer una sesi\u00f3n especial con respecto al tema\u201d, agreg\u00f3 el concejal Blanco.<\/p>\n<p>Pidi\u00f3 adem\u00e1s a los ediles de la oposici\u00f3n expresarse \u201ccon el debido respeto, intentar hacer bien las cosas. Creo que eso es lo que nosotros siempre estamos intentando hacer desde este Concejo y por eso muchas veces antes de votar algo, hacemos parlamentaria\u201d.<\/p>\n<p>Blanco reiter\u00f3 al presidente que se reconsidere tambi\u00e9n el proyecto presentado por los ediles de \u201cVamos Corrientes\u201d y \u201cespero que podamos llegar a un acuerdo con esto, porque la verdad que sobrepasa este recinto y es una cuesti\u00f3n de salud p\u00fablica\u201d, cerr\u00f3.<a href=\"https:\/\/revistaesperanzas.com\/web\/2026\/09\/intenso-debate-en-el-concejo-deliberante-de-nuestra-ciudad-por-proyectos-sobre-reclamos-de-los-profesionales-del-hospital-regional-dr-camilo-muniagurria\/hcd-goya-sesion-2-septiembre-7\/\" rel=\"attachment wp-att-160508\"><img loading=\"lazy\" decoding=\"async\" class=\" wp-image-160508 alignleft\" src=\"https:\/\/revistaesperanzas.com\/web\/wp-content\/uploads\/2026\/09\/HCD-GOYA-SESION-2-SEPTIEMBRE-7.jpeg\" alt=\"\" width=\"500\" height=\"375\" srcset=\"https:\/\/revistaesperanzas.com\/web\/wp-content\/uploads\/2026\/09\/HCD-GOYA-SESION-2-SEPTIEMBRE-7.jpeg 600w, https:\/\/revistaesperanzas.com\/web\/wp-content\/uploads\/2026\/09\/HCD-GOYA-SESION-2-SEPTIEMBRE-7-560x420.jpeg 560w, https:\/\/revistaesperanzas.com\/web\/wp-content\/uploads\/2026\/09\/HCD-GOYA-SESION-2-SEPTIEMBRE-7-80x60.jpeg 80w, https:\/\/revistaesperanzas.com\/web\/wp-content\/uploads\/2026\/09\/HCD-GOYA-SESION-2-SEPTIEMBRE-7-265x198.jpeg 265w\" sizes=\"auto, (max-width: 500px) 100vw, 500px\" \/><\/a><\/p>\n<p><strong>Concejal Antonio Mazzaro<\/strong><\/p>\n<p>Despu\u00e9s pidi\u00f3 la palabra el concejal Antonio \u201cTony\u201d Mazzaro. \u201cHabiendo escuchado a la mayor\u00eda de los pares, yo quiero correrme un poco del lugar de si uno present\u00f3 un proyecto, si lo present\u00f3 otro, dejar de lado un poco los personalismos, el protagonismo de cada uno de los concejales, los quince, y poner en discusi\u00f3n y en la mesa de di\u00e1logo, esta cuesti\u00f3n de dar una soluci\u00f3n definitiva, una resoluci\u00f3n concreta a los m\u00e9dicos, porque si estamos encerrados en esta cuesti\u00f3n, no vamos a avanzar\u201d, expuso el edil de ELI.<\/p>\n<p>Y propuso que se articule por presidencia o por la comisi\u00f3n de Salud una reuni\u00f3n entre los quince concejales con los m\u00e9dicos lo antes posible y poder avanzar con el tema de forma concreta y real. \u201cLas posturas ya est\u00e1n claras, algunos han votado a favor, otros en contra, pero estamos encerrados en este tema. Lo hubi\u00e9semos hablado antes, ahora me parece que la cuesti\u00f3n ideal es avanzar lo antes posible ya con una reuni\u00f3n entre los m\u00e9dicos y hacerlo lo antes posible\u201d, sugiri\u00f3 Mazzaro.<\/p>\n<p><strong>Concejal Refojos<\/strong><\/p>\n<p>Ya en el tramo final del debate la concejal Gabriela Refojos se dirigi\u00f3 a la Presidencia del Cuerpo. Como presidenta de la Comisi\u00f3n de Salud consider\u00f3 que \u201cla salud p\u00fablica es fundamental para todos\u201d.<\/p>\n<p>En ese sentido resalt\u00f3 que \u201cse viene trabajando mucho en lo que es en salud p\u00fablica\u201d con un gran compromiso tanto desde la gesti\u00f3n provincial como tambi\u00e9n desde el Municipio. Hizo notar adem\u00e1s que la situaci\u00f3n laboral de los m\u00e9dicos viene desde hace bastante tiempo y est\u00e1n ligadas a \u201csituaciones complejas que tienen que ver con todo tipo, tanto lo que es el salario, como tambi\u00e9n en las infraestructuras de trabajo\u201d.<\/p>\n<p>Atendiendo a las dos propuestas como integrante de la Comisi\u00f3n de Salud, solicitamos, porque eso fue el esp\u00edritu de trabajar en forma conjunta, de haber escuchado, de tener la palabra y trabajar en comisi\u00f3n, atendiendo a todas las necesidades que por all\u00ed uno vive el d\u00eda a d\u00eda.<\/p>\n<p>Relat\u00f3 luego situaciones familiares que le toc\u00f3 vivir con pacientes enfermos \u201cY s\u00e9 la realidad que se vive en el hospital y tambi\u00e9n en la salud p\u00fablica\u201d, y en su car\u00e1cter de presidenta de la Comisi\u00f3n de Salud propuso tratar el tema, en la reuni\u00f3n de trabajo semanal \u201cen forma inmediata\u201d. \u201cPropongo que ma\u00f1ana a las 9 hs nos encontremos todos los concejales para escuchar (a los profesionales de la salud) todas las necesidades y propuestas para ver de qu\u00e9 manera vamos a canalizar esta inquietud\u201d.<\/p>\n<p>Dijo tambi\u00e9n sentirse \u201cun poco molesta\u201d por los \u201cagravios y por ah\u00ed algunos destratos verbales que ve vimos sufriendo de parte de algunos concejales, de tratarnos de hip\u00f3critas, de que no somos preparados y la verdad que ac\u00e1 todos estamos a la par y cada uno tiene su trabajo hecho, sus m\u00e9ritos y la responsabilidad que hoy nos trae ocupar esta banca. As\u00ed que pido cordura en muchas manifestaciones de algunos concejales de la oposici\u00f3n\u201d dijo y volvi\u00f3 a invitar a todos sus pares para este jueves a la reuni\u00f3n de la comisi\u00f3n de Salud. \u201cMe gustar\u00eda llegar a un consenso entre todos porque la preocupaci\u00f3n es com\u00fan\u201d, expres\u00f3 la concejal del PRO.<\/p>\n<p>El presidente del HCD puso luego a reconsideraci\u00f3n los dos proyectos presentados y ambos volvieron a cosechar los mismos apoyos, es decir no lograron los dos tercios (10 votos) para ser tratados sobre tablas. El de la oposici\u00f3n sum\u00f3 7 votos y el del oficialismo 9, por lo que ambos pasaron a la comisi\u00f3n de Salud y ser\u00e1n tratados a partir de este jueves.<\/p>\n<p><strong>Concejal Calvi<\/strong><\/p>\n<p>Ante esta situaci\u00f3n la concejal Valeria Calvi (UCR disidente) se manifest\u00f3 nuevamente y lament\u00f3 \u201cque los profesionales m\u00e9dicos que vinieron a buscar una soluci\u00f3n vean esto. Es trist\u00edsimo porque si realmente quer\u00edamos dar una soluci\u00f3n la tendr\u00edamos que haber dado ya hace mucho tiempo, atento al tiempo transcurrido a la redundancia y las no<\/p>\n<p>contestaciones como dije anteriormente porque han ido por distintos caminos y no consiguieron respuesta\u201d.<\/p>\n<p>\u201cNo era entrometernos en cuestiones del gobierno provincial. Era institucionalizar un reclamo de un grupo de profesionales m\u00e9dicos\u201d, remarc\u00f3 Calvi y enfatiz\u00f3 que el proyecto \u201cfue autor\u00eda de los propios interesados en esta cuesti\u00f3n y nosotros hemos trabajado responsablemente\u201d.<\/p>\n<p><strong>Concejal Fern\u00e1ndez<\/strong><\/p>\n<p>La concejal Eladia Fern\u00e1ndez (Nuevo Encuentro) por su parte, y en relaci\u00f3n a lo expresado por su par, Gabriela Refojos, dijo \u201cnosotros tambi\u00e9n recibimos por ah\u00ed algunos agravios\u201d (desde el oficialismo) y plante\u00f3 un apoyo favorable a los profesionales de la salud \u201csi estamos todos de acuerdo con que esta es una causa com\u00fan\u201d<\/p>\n<p>\u201cHemos hecho tantas declaraciones de inter\u00e9s en este lugar, hace poco tiempo que estoy, pero m\u00e1s de una vez pude levantar la mano declarando de inter\u00e9s muchas cosas y d\u00e1ndole esa institucionalidad de la que hablaba la compa\u00f1era Calvi. Me parece que este es un momento importante para poder tambi\u00e9n hacer una declaraci\u00f3n de inter\u00e9s sobre este tema, sobre la reglamentaci\u00f3n de la 6033 y sus reclamos\u201d, pidi\u00f3 la concejal Eladia Fern\u00e1ndez.<\/p>\n<p><strong>Concejal Blanco<\/strong><\/p>\n<p>Su par del oficialismo, Emanuel Blanco, plante\u00f3 despu\u00e9s a la oposici\u00f3n que si estaban de acuerdo con la reuni\u00f3n, el proyecto de resoluci\u00f3n que presentamos \u201ces hacer lugar a la audiencia solicitada por el personal del Hospital Regional \u201cDr Camilo Muniagurria\u201d que fue justamente por la nota. Y si no estaban de acuerdo con la reuni\u00f3n, hubieran votado\u201d, planteo el edil<\/p>\n<p><strong>Concejal Mazzaro<\/strong><\/p>\n<p>Pidi\u00f3 entonces la palabra el concejal Antonio Mazzaro. \u201cYa est\u00e1n claras las posturas. Ya se vot\u00f3 dos veces. Cada uno emiti\u00f3 su opini\u00f3n. Me parece que ya es momento de avanzar con la orden del d\u00eda y articular lo que tenga que ser para continuar con esto\u201d, sostuvo el edil de Encuentro Liberal. El presidente del HCD y todo el Cuerpo asinti\u00f3 y se prosigui\u00f3 con el orden del d\u00eda.<\/p>\n<p><strong>NOTAS INGRESADAS<\/strong><\/p>\n<p>La sesi\u00f3n continu\u00f3 con la lectura del Orden del D\u00eda por parte del Secretario del HCD, doctor Edgardo Daniel Mart\u00ednez, y luego de ponerse a consideraci\u00f3n el acta N\u00b0 1.330 de la \u00faltima sesi\u00f3n del Cuerpo, que fue aprobada, se dieron a conocer las notas oficiales ingresadas. Fueron las siguientes:<\/p>\n<p>-De Gabriela Vel\u00e1zquez, rectora del Colegio Secundario Dr. Roberto I. L\u00f3pez Alvarado, eleva Proyecto de Ordenanza, mediante el cual propone declarar \u201cCiudadano Ilustre (Post Mortem) de la Ciudad de Goya al Dr. Roberto I. L\u00f3pez Alvarado y designar con su nombre a una calle o espacio p\u00fablico de nuestra ciudad. Se reserva en Secretar\u00eda.<\/p>\n<p>-De Brian Leiva, Artista Callejero, solicita el acompa\u00f1amiento del Municipio para su actividad art\u00edstica y comercial en el espacio de la Costanera. Se reserva en Secretar\u00eda.<\/p>\n<p>-De Dar\u00edo Acu\u00f1a y Jos\u00e9 M\u00e9ndez, solicitan la colaboraci\u00f3n con una red de v\u00f3ley para el torneo de Newcom de la Liga Independiente Centro que se llevar\u00e1 a cabo el d\u00eda 12 de septiembre en la Ciudad de Goya. Se reserva en Secretar\u00eda.<\/p>\n<p><strong>PROYECTOS PRESENTADOS<\/strong><\/p>\n<p>Luego se conocieron los proyectos presentados, dos de los cuales fueron propuestos para ser debatidos sobre tablas, pero al no reunir los dos tercios del Cuerpo (10 concejales) no se pudo concretar el tratamiento de los mismos y fueron remitidos a la comisi\u00f3n de Salud. Los otros proyectos ingresados fueron los siguientes:<\/p>\n<p>-Proyecto de Resoluci\u00f3n autor\u00eda de los concejales Marcos Gonz\u00e1lez, Bel\u00e9n Gogga, Valeria Calvi, Nahuel Cabrol, Oscar Ferrero y Eladia Fern\u00e1ndez sobre DEFENSAS: \u201cRequiere informe sobre el estado cr\u00edtico de la Defensa Sur y cita a funcionarios\u201d. Pas\u00f3 a la comisi\u00f3n de Obras P\u00fablicas.<\/p>\n<p>-Proyecto de Resoluci\u00f3n autor\u00eda de los concejales Valeria Calvi, Nahuel Cabrol, Marcos Gonz\u00e1lez, Bel\u00e9n Gogga Eladia Fern\u00e1ndez y Oscar Ferrero sobre SALUD: \u201cDeclara de inter\u00e9s municipal el reclamo de los profesionales del Hospital Regional de Goya \u201cProf. Dr. Camilo Muniagurria\u201d y exhorta al Gobierno Provincial a reglamentar la Ley de Negociaci\u00f3n Colectiva. Pas\u00f3 a la comisi\u00f3n de Salud.<\/p>\n<p>-Proyecto de Ordenanza autor\u00eda de la concejal Eladia Fern\u00e1ndez sobre \u201cGoya, Municipio que cuida: Consolidaci\u00f3n de un Sistema Integral Municipal de Cuidados y Adhesi\u00f3n al Acuerdo Nacional por los cuidados\u201d. Pas\u00f3 a la comisi\u00f3n de Salud.<\/p>\n<p>-Proyecto de Resoluci\u00f3n, autor\u00eda de los concejales Valeria Calvi, Nahuel Cabrol, Marcos Gonz\u00e1lez, Bel\u00e9n Gogga, Eladia Fern\u00e1ndez y Oscar Ferrero sobre DEFENSAS \u201cSolicita a la Legislatura y al Poder Ejecutivo Provincial medidas para viabilizar las expropiaciones de las Defensas Definitivas. Pas\u00f3 a la comisi\u00f3n de Obras P\u00fablicas.<\/p>\n<p>-Proyecto de Resoluci\u00f3n autor\u00eda de los concejales Emanuel Blanco y Jos\u00e9 Novello sobre Programa \u201cLa escuela va al Concejo\u201d. Pas\u00f3 a comisi\u00f3n de Cultura.<\/p>\n<p>-Proyecto de Resoluci\u00f3n, autor\u00eda del concejal Marcos Gonz\u00e1lez sobre INFRACCION DE TRANSITO: \u201cSolicita informaci\u00f3n sobre acta de infracci\u00f3n por falta de se\u00f1alizaci\u00f3n adecuada\u201d. Pas\u00f3 a la comisi\u00f3n de Transporte.<\/p>\n<p>-Proyecto de Ordenanza, autor\u00eda de las concejalas Gabriela Refojos y Susana Quiroz sobre Imponer el nombre \u201cBertha Miriam Mazzaro\u201d, a una calle p\u00fablica sin denominaci\u00f3n de la ciudad de Goya. Pas\u00f3 a la comisi\u00f3n de Cultura.<\/p>\n<p>-Proyecto de Ordenanza, autor\u00eda de los concejales Emanuel Blanco y Jos\u00e9 Novello sobre \u201cDerogaci\u00f3n de la Ordenanza N\u00b0 1.296 Y Habilitaci\u00f3n del estacionamiento sobre calle Col\u00f3n entre Espa\u00f1a y Mariano I. Loza\u201d. Pas\u00f3 a la comisi\u00f3n de Legislaci\u00f3n.<\/p>\n<p>-Proyecto de Comunicaci\u00f3n, autor\u00eda de los concejales Marcos Gonz\u00e1lez, Bel\u00e9n Gogga, Oscar Ferrero y Eladia Fern\u00e1ndez sobre FONDO DEL TABACO: \u201cSolicita transparencia y celeridad en distribuci\u00f3n de fondos del Fondo Especial del Tabaco\u201d. Pas\u00f3 a la comisi\u00f3n de Producci\u00f3n.<\/p>\n<p>-Proyecto de Resoluci\u00f3n autor\u00eda de los concejales Emanuel Blanco, Jos\u00e9 Novello, Vivian Merlo, Marcelo Frattini, Ver\u00f3nica Ram\u00edrez, Gabriela Refojos, M\u00f3nica Cortinovis y Susana Quiroz sobre \u201cHacer lugar a la solicitud de audiencia suscripta por personal del Hospital Regional \u201cDr. Camilo Muniagurria\u201d de la ciudad de Goya. Pas\u00f3 a la comisi\u00f3n de Salud.<\/p>\n<p><strong>ARCHIVO DE EXPEDIENTES<\/strong><\/p>\n<p>El Orden del D\u00eda continu\u00f3 con el tratamiento de los Proyectos de Resoluci\u00f3n con despacho de Comisi\u00f3n sobre Archivo de los Expedientes N\u00b0 3.332\/24 del H.C.D. (s\/ Solicitar al D.E.M. se\u00f1alizaci\u00f3n de nombres y altura de la calle del Barrio Mauricio Valenzuela), N\u00b0 3.333\/24 del H.C.D. (s\/ Solicitar al D.E.M. colocaci\u00f3n de cartel identificatorio en el Barrio 17 de Agosto- 50 Viviendas), N\u00b0 3.356\/24 del H.C.D. (s\/Pedido informe delegaci\u00f3n zona IV Goya de vialidad provincial acerca de las acciones previstas para el arreglo, mejora y obras necesarias en caminos de nuestra zona rural). Todos los despachos tuvieron aprobaci\u00f3n por mayor\u00eda.<\/p>\n<p><strong>LIBRE USO DE LA PALABRA<\/strong><\/p>\n<p>Tras el debate por los proyectos que no lograron ser tratados sobre tablas y los dem\u00e1s temas del orden del d\u00eda, el Vice Intendente y presidente del HCD, Sebasti\u00e1n Mazzaro, invit\u00f3 a los ediles a expresarse en el Libre Uso de la Palabra. . . . . . . . . . . . . . .<\/p>\n<p>&nbsp;<\/p>\n","protected":false},"excerpt":{"rendered":"<p>Oficialismo y oposici\u00f3n presentaron sendos proyectos para tratar la situaci\u00f3n de m\u00e9dicos y dem\u00e1s profesionales del Hospital Regional de Goya \u201cProf. Dr. Camilo Muniagurria\u201d. Ambas bancadas pretend\u00edan que sus iniciativas sean debatidas sobre tablas en la sesi\u00f3n de este mi\u00e9rcoles, pero ninguna de las dos reuni\u00f3 los dos tercios (10 concejales) del Cuerpo y al [&hellip;]<\/p>\n","protected":false},"author":4,"featured_media":147080,"comment_status":"closed","ping_status":"closed","sticky":false,"template":"","format":"standard","meta":{"footnotes":""},"categories":[1],"tags":[],"class_list":["post-160502","post","type-post","status-publish","format-standard","has-post-thumbnail","category-sin-categoria"],"_links":{"self":[{"href":"https:\/\/revistaesperanzas.com\/web\/wp-json\/wp\/v2\/posts\/160502","targetHints":{"allow":["GET"]}}],"collection":[{"href":"https:\/\/revistaesperanzas.com\/web\/wp-json\/wp\/v2\/posts"}],"about":[{"href":"https:\/\/revistaesperanzas.com\/web\/wp-json\/wp\/v2\/types\/post"}],"author":[{"embeddable":true,"href":"https:\/\/revistaesperanzas.com\/web\/wp-json\/wp\/v2\/users\/4"}],"replies":[{"embeddable":true,"href":"https:\/\/revistaesperanzas.com\/web\/wp-json\/wp\/v2\/comments?post=160502"}],"version-history":[{"count":2,"href":"https:\/\/revistaesperanzas.com\/web\/wp-json\/wp\/v2\/posts\/160502\/revisions"}],"predecessor-version":[{"id":160510,"href":"https:\/\/revistaesperanzas.com\/web\/wp-json\/wp\/v2\/posts\/160502\/revisions\/160510"}],"wp:featuredmedia":[{"embeddable":true,"href":"https:\/\/revistaesperanzas.com\/web\/wp-json\/wp\/v2\/media\/147080"}],"wp:attachment":[{"href":"https:\/\/revistaesperanzas.com\/web\/wp-json\/wp\/v2\/media?parent=160502"}],"wp:term":[{"taxonomy":"category","embeddable":true,"href":"https:\/\/revistaesperanzas.com\/web\/wp-json\/wp\/v2\/categories?post=160502"},{"taxonomy":"post_tag","embeddable":true,"href":"https:\/\/revistaesperanzas.com\/web\/wp-json\/wp\/v2\/tags?post=160502"}],"curies":[{"name":"wp","href":"https:\/\/api.w.org\/{rel}","templated":true}]}}