{"id":160517,"date":"2026-09-03T09:24:57","date_gmt":"2026-09-03T12:24:57","guid":{"rendered":"https:\/\/revistaesperanzas.com\/web\/?p=160517"},"modified":"2026-09-03T09:24:57","modified_gmt":"2026-09-03T12:24:57","slug":"160517","status":"publish","type":"post","link":"https:\/\/revistaesperanzas.com\/web\/2026\/09\/160517\/","title":{"rendered":""},"content":{"rendered":"<p>SANTO TOME<br \/>\nLa Polic\u00eda recuper\u00f3 una motocicleta que fuera sustra\u00edda y aprehendi\u00f3 al presunto autor del hecho<br \/>\nEn horas de la noche de ayer 02-08-26, efectivos policiales de la Comisar\u00eda de Distrito Primera de Santo Tome, tras tomar conocimiento de un il\u00edcito, en un r\u00e1pido y eficaz accionar, lograron hallar y recuperar una motocicleta sustra\u00edda y aprehendieron al presunto autor del hecho.<br \/>\nEl procedimiento lo realizaron pasadas las 20:00 horas, luego de tomar conocimiento de la sustracci\u00f3n de una motocicleta -marca Zanella modelo Due Clasic, 110c.c-, por ello ante tal circunstancia y de forma inmediata los polic\u00edas iniciaron un intenso trabajo de investigaci\u00f3n, logrando de esta manera hallar y recuperar el rodado sustra\u00eddo, as\u00ed mismo procedieron a la aprehensi\u00f3n del presunto autor del hecho, un joven mayor de edad.<br \/>\nEl joven y lo recuperado fueron puestos a disposici\u00f3n de la autoridad fiscal en turno, siendo trasladados a la citada dependencia policial, donde se prosigue con los tr\u00e1mites que corresponden.<\/p>\n","protected":false},"excerpt":{"rendered":"<p>SANTO TOME La Polic\u00eda recuper\u00f3 una motocicleta que fuera sustra\u00edda y aprehendi\u00f3 al presunto autor del hecho En horas de la noche de ayer 02-08-26, efectivos policiales de la Comisar\u00eda de Distrito Primera de Santo Tome, tras tomar conocimiento de un il\u00edcito, en un r\u00e1pido y eficaz accionar, lograron hallar y recuperar una motocicleta sustra\u00edda [&hellip;]<\/p>\n","protected":false},"author":4,"featured_media":160518,"comment_status":"closed","ping_status":"closed","sticky":false,"template":"","format":"standard","meta":{"footnotes":""},"categories":[58],"tags":[],"class_list":["post-160517","post","type-post","status-publish","format-standard","has-post-thumbnail","category-corrientes"],"_links":{"self":[{"href":"https:\/\/revistaesperanzas.com\/web\/wp-json\/wp\/v2\/posts\/160517","targetHints":{"allow":["GET"]}}],"collection":[{"href":"https:\/\/revistaesperanzas.com\/web\/wp-json\/wp\/v2\/posts"}],"about":[{"href":"https:\/\/revistaesperanzas.com\/web\/wp-json\/wp\/v2\/types\/post"}],"author":[{"embeddable":true,"href":"https:\/\/revistaesperanzas.com\/web\/wp-json\/wp\/v2\/users\/4"}],"replies":[{"embeddable":true,"href":"https:\/\/revistaesperanzas.com\/web\/wp-json\/wp\/v2\/comments?post=160517"}],"version-history":[{"count":1,"href":"https:\/\/revistaesperanzas.com\/web\/wp-json\/wp\/v2\/posts\/160517\/revisions"}],"predecessor-version":[{"id":160520,"href":"https:\/\/revistaesperanzas.com\/web\/wp-json\/wp\/v2\/posts\/160517\/revisions\/160520"}],"wp:featuredmedia":[{"embeddable":true,"href":"https:\/\/revistaesperanzas.com\/web\/wp-json\/wp\/v2\/media\/160518"}],"wp:attachment":[{"href":"https:\/\/revistaesperanzas.com\/web\/wp-json\/wp\/v2\/media?parent=160517"}],"wp:term":[{"taxonomy":"category","embeddable":true,"href":"https:\/\/revistaesperanzas.com\/web\/wp-json\/wp\/v2\/categories?post=160517"},{"taxonomy":"post_tag","embeddable":true,"href":"https:\/\/revistaesperanzas.com\/web\/wp-json\/wp\/v2\/tags?post=160517"}],"curies":[{"name":"wp","href":"https:\/\/api.w.org\/{rel}","templated":true}]}}