{"id":160519,"date":"2026-09-03T09:31:24","date_gmt":"2026-09-03T12:31:24","guid":{"rendered":"https:\/\/revistaesperanzas.com\/web\/?p=160519"},"modified":"2026-09-03T09:31:24","modified_gmt":"2026-09-03T12:31:24","slug":"g-r-i-m-iv","status":"publish","type":"post","link":"https:\/\/revistaesperanzas.com\/web\/2026\/09\/g-r-i-m-iv\/","title":{"rendered":"G.R.I.M IV"},"content":{"rendered":"<p>La Polic\u00eda demoro a un hombre que se encontraba aparentemente merodeando, teniendo adem\u00e1s en su poder elementos de dudosa procedencia.<\/p>\n<p>En horas de la ma\u00f1ana de ayer 02-09-26, efectivos del Grupo de Respuesta Inmediata Motorizada N\u00ba4 -GRIM IV-, mientras realizaban recorridas de prevenci\u00f3n por distintos sectores de esta ciudad, demoraron a un hombre que se encontraba merodeando con elementos de dudosa procedencia.<\/p>\n<p>El procedimiento se concret\u00f3 alrededor de las 07:30 horas, en inmediaciones de las calles Las Violetas y Los Crisantemos, donde los efectivos observaron a un sujeto que se encontraba mirando detenidamente el interior de los domicilios del lugar, por lo que procedieron a su identificaci\u00f3n, trat\u00e1ndose de un joven de 23 a\u00f1os de edad, quien adem\u00e1s ten\u00eda en su poder un tel\u00e9fono celular y varis prendas de vestir, elementos que no supo justificar su procedencia.<\/p>\n<p>Por tal motivo, el demorado junto a los elementos fue trasladado hasta la Comisar\u00eda Novena, donde se contin\u00faan con los tr\u00e1mites de rigor.<\/p>\n","protected":false},"excerpt":{"rendered":"<p>La Polic\u00eda demoro a un hombre que se encontraba aparentemente merodeando, teniendo adem\u00e1s en su poder elementos de dudosa procedencia. En horas de la ma\u00f1ana de ayer 02-09-26, efectivos del Grupo de Respuesta Inmediata Motorizada N\u00ba4 -GRIM IV-, mientras realizaban recorridas de prevenci\u00f3n por distintos sectores de esta ciudad, demoraron a un hombre que se [&hellip;]<\/p>\n","protected":false},"author":4,"featured_media":160521,"comment_status":"closed","ping_status":"closed","sticky":false,"template":"","format":"standard","meta":{"footnotes":""},"categories":[58],"tags":[],"class_list":["post-160519","post","type-post","status-publish","format-standard","has-post-thumbnail","category-corrientes"],"_links":{"self":[{"href":"https:\/\/revistaesperanzas.com\/web\/wp-json\/wp\/v2\/posts\/160519","targetHints":{"allow":["GET"]}}],"collection":[{"href":"https:\/\/revistaesperanzas.com\/web\/wp-json\/wp\/v2\/posts"}],"about":[{"href":"https:\/\/revistaesperanzas.com\/web\/wp-json\/wp\/v2\/types\/post"}],"author":[{"embeddable":true,"href":"https:\/\/revistaesperanzas.com\/web\/wp-json\/wp\/v2\/users\/4"}],"replies":[{"embeddable":true,"href":"https:\/\/revistaesperanzas.com\/web\/wp-json\/wp\/v2\/comments?post=160519"}],"version-history":[{"count":1,"href":"https:\/\/revistaesperanzas.com\/web\/wp-json\/wp\/v2\/posts\/160519\/revisions"}],"predecessor-version":[{"id":160522,"href":"https:\/\/revistaesperanzas.com\/web\/wp-json\/wp\/v2\/posts\/160519\/revisions\/160522"}],"wp:featuredmedia":[{"embeddable":true,"href":"https:\/\/revistaesperanzas.com\/web\/wp-json\/wp\/v2\/media\/160521"}],"wp:attachment":[{"href":"https:\/\/revistaesperanzas.com\/web\/wp-json\/wp\/v2\/media?parent=160519"}],"wp:term":[{"taxonomy":"category","embeddable":true,"href":"https:\/\/revistaesperanzas.com\/web\/wp-json\/wp\/v2\/categories?post=160519"},{"taxonomy":"post_tag","embeddable":true,"href":"https:\/\/revistaesperanzas.com\/web\/wp-json\/wp\/v2\/tags?post=160519"}],"curies":[{"name":"wp","href":"https:\/\/api.w.org\/{rel}","templated":true}]}}