{"id":160523,"date":"2026-09-03T09:34:04","date_gmt":"2026-09-03T12:34:04","guid":{"rendered":"https:\/\/revistaesperanzas.com\/web\/?p=160523"},"modified":"2026-09-03T09:34:04","modified_gmt":"2026-09-03T12:34:04","slug":"unidad-especial-antiarrebatos-10","status":"publish","type":"post","link":"https:\/\/revistaesperanzas.com\/web\/2026\/09\/unidad-especial-antiarrebatos-10\/","title":{"rendered":"UNIDAD ESPECIAL ANTIARREBATOS"},"content":{"rendered":"<p>La Polic\u00eda demor\u00f3 a un hombre que registrar\u00eda pedido de captura<br \/>\nEn horas de la noche de ayer 02-09-26, efectivos de la Unidad Especial Antiarrebatos, mientras realizaban recorridas de prevenci\u00f3n, demoraron a un hombre que registrar\u00eda pedido de captura.<\/p>\n<p>El procedimiento se concret\u00f3 alrededor de las 21:00 horas, en inmediaciones de las calles 9 de Julio y Brasil, donde los efectivos observaron a un sujeto se encontraba observando el interior de veh\u00edculos y las motocicletas estacionadas, motivo por el cual procedieron a su identificaci\u00f3n, trat\u00e1ndose de un hombre de 30 a\u00f1os de edad, quien entre sus prendas ten\u00eda un destornillador de punta plana y tras las correspondientes averiguaciones realizadas result\u00f3 que registrar\u00eda pedido de captura.<\/p>\n<p>Ante esta situaci\u00f3n, el hombre fue demorado y trasladado hasta la Comisar\u00eda Cuarta Urbana quedando a disposici\u00f3n de la autoridad judicial competente, mientras se contin\u00faan con las diligencias de rigor.<\/p>\n","protected":false},"excerpt":{"rendered":"<p>La Polic\u00eda demor\u00f3 a un hombre que registrar\u00eda pedido de captura En horas de la noche de ayer 02-09-26, efectivos de la Unidad Especial Antiarrebatos, mientras realizaban recorridas de prevenci\u00f3n, demoraron a un hombre que registrar\u00eda pedido de captura. El procedimiento se concret\u00f3 alrededor de las 21:00 horas, en inmediaciones de las calles 9 de [&hellip;]<\/p>\n","protected":false},"author":4,"featured_media":160524,"comment_status":"closed","ping_status":"closed","sticky":false,"template":"","format":"standard","meta":{"footnotes":""},"categories":[58],"tags":[],"class_list":["post-160523","post","type-post","status-publish","format-standard","has-post-thumbnail","category-corrientes"],"_links":{"self":[{"href":"https:\/\/revistaesperanzas.com\/web\/wp-json\/wp\/v2\/posts\/160523","targetHints":{"allow":["GET"]}}],"collection":[{"href":"https:\/\/revistaesperanzas.com\/web\/wp-json\/wp\/v2\/posts"}],"about":[{"href":"https:\/\/revistaesperanzas.com\/web\/wp-json\/wp\/v2\/types\/post"}],"author":[{"embeddable":true,"href":"https:\/\/revistaesperanzas.com\/web\/wp-json\/wp\/v2\/users\/4"}],"replies":[{"embeddable":true,"href":"https:\/\/revistaesperanzas.com\/web\/wp-json\/wp\/v2\/comments?post=160523"}],"version-history":[{"count":1,"href":"https:\/\/revistaesperanzas.com\/web\/wp-json\/wp\/v2\/posts\/160523\/revisions"}],"predecessor-version":[{"id":160525,"href":"https:\/\/revistaesperanzas.com\/web\/wp-json\/wp\/v2\/posts\/160523\/revisions\/160525"}],"wp:featuredmedia":[{"embeddable":true,"href":"https:\/\/revistaesperanzas.com\/web\/wp-json\/wp\/v2\/media\/160524"}],"wp:attachment":[{"href":"https:\/\/revistaesperanzas.com\/web\/wp-json\/wp\/v2\/media?parent=160523"}],"wp:term":[{"taxonomy":"category","embeddable":true,"href":"https:\/\/revistaesperanzas.com\/web\/wp-json\/wp\/v2\/categories?post=160523"},{"taxonomy":"post_tag","embeddable":true,"href":"https:\/\/revistaesperanzas.com\/web\/wp-json\/wp\/v2\/tags?post=160523"}],"curies":[{"name":"wp","href":"https:\/\/api.w.org\/{rel}","templated":true}]}}