{"id":160531,"date":"2026-09-03T20:10:36","date_gmt":"2026-09-03T23:10:36","guid":{"rendered":"https:\/\/revistaesperanzas.com\/web\/?p=160531"},"modified":"2026-09-03T20:10:36","modified_gmt":"2026-09-03T23:10:36","slug":"av-laprida-y-calle-marechalde-incendio-en-vivienda-provoco-importantes-danos-materiales","status":"publish","type":"post","link":"https:\/\/revistaesperanzas.com\/web\/2026\/09\/av-laprida-y-calle-marechalde-incendio-en-vivienda-provoco-importantes-danos-materiales\/","title":{"rendered":"AV. LAPRIDA Y CALLE MARECHALDE: INCENDIO EN VIVIENDA PROVOC\u00d3 IMPORTANTES DA\u00d1OS MATERIALES"},"content":{"rendered":"<p>En horas del mediod\u00eda de ayer 02-09-26, se registr\u00f3 un incendio de importantes proporciones en una vivienda ubicada por Av. Laprida y calle Leopoldo Marechalde de esta ciudad.<\/p>\n<p>Seg\u00fan la informaci\u00f3n inicial obtenida, efectivos de la Direcci\u00f3n General de Lucha Contra el Fuego acudieron al lugar tras ser alertados sobre un incendio de tipo declarado en el inmueble. Una vez all\u00ed, constataron la magnitud del siniestro y procedieron al despliegue de l\u00edneas de ataque, logrando sofocar las llamas luego de una intensa labor bomberil.<\/p>\n<p>Como consecuencia del hecho, se registraron importantes da\u00f1os materiales, resultando totalmente afectadas, un ventilador de pie, una bicicleta marca Halley, un horno el\u00e9ctrico, un tel\u00e9fono celular, un ropero de madera, una tabla de planchar, una silla de escritorio, alimentos no perecederos, un televisor Smart de 32 pulgadas, un anafe el\u00e9ctrico, un andador, una pava el\u00e9ctrica, ropas varias, maderas, papeles varios y dem\u00e1s elementos.<\/p>\n<p>Al respecto, en la comisar\u00eda jurisdiccional se contin\u00faan con las diligencias de rigor para establecer fehacientemente las circunstancias en que se produjo el siniestro.<\/p>\n","protected":false},"excerpt":{"rendered":"<p>En horas del mediod\u00eda de ayer 02-09-26, se registr\u00f3 un incendio de importantes proporciones en una vivienda ubicada por Av. Laprida y calle Leopoldo Marechalde de esta ciudad. Seg\u00fan la informaci\u00f3n inicial obtenida, efectivos de la Direcci\u00f3n General de Lucha Contra el Fuego acudieron al lugar tras ser alertados sobre un incendio de tipo declarado [&hellip;]<\/p>\n","protected":false},"author":4,"featured_media":160533,"comment_status":"closed","ping_status":"closed","sticky":false,"template":"","format":"standard","meta":{"footnotes":""},"categories":[58],"tags":[],"class_list":["post-160531","post","type-post","status-publish","format-standard","has-post-thumbnail","category-corrientes"],"_links":{"self":[{"href":"https:\/\/revistaesperanzas.com\/web\/wp-json\/wp\/v2\/posts\/160531","targetHints":{"allow":["GET"]}}],"collection":[{"href":"https:\/\/revistaesperanzas.com\/web\/wp-json\/wp\/v2\/posts"}],"about":[{"href":"https:\/\/revistaesperanzas.com\/web\/wp-json\/wp\/v2\/types\/post"}],"author":[{"embeddable":true,"href":"https:\/\/revistaesperanzas.com\/web\/wp-json\/wp\/v2\/users\/4"}],"replies":[{"embeddable":true,"href":"https:\/\/revistaesperanzas.com\/web\/wp-json\/wp\/v2\/comments?post=160531"}],"version-history":[{"count":1,"href":"https:\/\/revistaesperanzas.com\/web\/wp-json\/wp\/v2\/posts\/160531\/revisions"}],"predecessor-version":[{"id":160534,"href":"https:\/\/revistaesperanzas.com\/web\/wp-json\/wp\/v2\/posts\/160531\/revisions\/160534"}],"wp:featuredmedia":[{"embeddable":true,"href":"https:\/\/revistaesperanzas.com\/web\/wp-json\/wp\/v2\/media\/160533"}],"wp:attachment":[{"href":"https:\/\/revistaesperanzas.com\/web\/wp-json\/wp\/v2\/media?parent=160531"}],"wp:term":[{"taxonomy":"category","embeddable":true,"href":"https:\/\/revistaesperanzas.com\/web\/wp-json\/wp\/v2\/categories?post=160531"},{"taxonomy":"post_tag","embeddable":true,"href":"https:\/\/revistaesperanzas.com\/web\/wp-json\/wp\/v2\/tags?post=160531"}],"curies":[{"name":"wp","href":"https:\/\/api.w.org\/{rel}","templated":true}]}}