{"id":160535,"date":"2026-09-03T20:12:59","date_gmt":"2026-09-03T23:12:59","guid":{"rendered":"https:\/\/revistaesperanzas.com\/web\/?p=160535"},"modified":"2026-09-03T20:14:39","modified_gmt":"2026-09-03T23:14:39","slug":"tras-rapido-accionar-la-policia-recupero-tres-telefonoa-celulares-denunciados-como-sustraidos","status":"publish","type":"post","link":"https:\/\/revistaesperanzas.com\/web\/2026\/09\/tras-rapido-accionar-la-policia-recupero-tres-telefonoa-celulares-denunciados-como-sustraidos\/","title":{"rendered":"TRAS R\u00c1PIDO ACCIONAR: LA POLIC\u00cdA RECUPER\u00d3 TRES TEL\u00c9FONOA CELULARES DENUNCIADOS COMO SUSTRAIDOS"},"content":{"rendered":"<p>En horas de la madrugada de hoy 03-09-26, efectivos policiales de la Unidad Especial Antiarrebato, mientras realizaban recorridas preventivas por avenida Arturo Frondizi, tomaron conocimiento, a trav\u00e9s de la radio policial, sobre la sustracci\u00f3n de tres tel\u00e9fonos celulares en inmediaciones del barrio Laguna Seca.<\/p>\n<p>Ante tal circunstancia y con los datos aportados se dirigen a la zona, donde uno de los<a href=\"https:\/\/revistaesperanzas.com\/web\/2026\/09\/tras-rapido-accionar-la-policia-recupero-tres-telefonoa-celulares-denunciados-como-sustraidos\/whatsapp-image-2026-09-03-at-11-27-45\/\" rel=\"attachment wp-att-160539\"><img loading=\"lazy\" decoding=\"async\" class=\" wp-image-160539 alignleft\" src=\"https:\/\/revistaesperanzas.com\/web\/wp-content\/uploads\/2026\/09\/WhatsApp-Image-2026-09-03-at-11.27.45.jpeg\" alt=\"\" width=\"400\" height=\"533\" srcset=\"https:\/\/revistaesperanzas.com\/web\/wp-content\/uploads\/2026\/09\/WhatsApp-Image-2026-09-03-at-11.27.45.jpeg 500w, https:\/\/revistaesperanzas.com\/web\/wp-content\/uploads\/2026\/09\/WhatsApp-Image-2026-09-03-at-11.27.45-315x420.jpeg 315w\" sizes=\"auto, (max-width: 400px) 100vw, 400px\" \/><\/a> dispositivos estar\u00eda siendo rastreado mediante GPS, ubicando su se\u00f1al en inmediaciones de calle Gasc\u00f3n, entre Medrano y Cartagena, por lo que despliegan un r\u00e1pido accionar, en cuya acci\u00f3n divisaron a un hombre que, al advertir la presencia policial, habr\u00eda arrojado varios objetos al suelo y emprendido la fuga por los pasillos hacia la zona del descampado del Jard\u00edn Bot\u00e1nico, logrando finalmente perderse de vista.<\/p>\n<p>Tras verificar el lugar, el personal policial procedi\u00f3 al secuestro y recuperaci\u00f3n de los tres tel\u00e9fonos celulares denunciados como sustra\u00eddos, trat\u00e1ndose de un -Motorola G35, un Samsung S21 y un Samsung A14-.<\/p>\n<p>Los dispositivos encontrados fueron trasladados a la Comisar\u00eda Octava Urbana, donde quedaron a disposici\u00f3n de la autoridad judicial competente, continu\u00e1ndose con las diligencias correspondientes.<\/p>\n","protected":false},"excerpt":{"rendered":"<p>En horas de la madrugada de hoy 03-09-26, efectivos policiales de la Unidad Especial Antiarrebato, mientras realizaban recorridas preventivas por avenida Arturo Frondizi, tomaron conocimiento, a trav\u00e9s de la radio policial, sobre la sustracci\u00f3n de tres tel\u00e9fonos celulares en inmediaciones del barrio Laguna Seca. Ante tal circunstancia y con los datos aportados se dirigen a [&hellip;]<\/p>\n","protected":false},"author":4,"featured_media":160536,"comment_status":"closed","ping_status":"closed","sticky":false,"template":"","format":"standard","meta":{"footnotes":""},"categories":[58],"tags":[],"class_list":["post-160535","post","type-post","status-publish","format-standard","has-post-thumbnail","category-corrientes"],"_links":{"self":[{"href":"https:\/\/revistaesperanzas.com\/web\/wp-json\/wp\/v2\/posts\/160535","targetHints":{"allow":["GET"]}}],"collection":[{"href":"https:\/\/revistaesperanzas.com\/web\/wp-json\/wp\/v2\/posts"}],"about":[{"href":"https:\/\/revistaesperanzas.com\/web\/wp-json\/wp\/v2\/types\/post"}],"author":[{"embeddable":true,"href":"https:\/\/revistaesperanzas.com\/web\/wp-json\/wp\/v2\/users\/4"}],"replies":[{"embeddable":true,"href":"https:\/\/revistaesperanzas.com\/web\/wp-json\/wp\/v2\/comments?post=160535"}],"version-history":[{"count":2,"href":"https:\/\/revistaesperanzas.com\/web\/wp-json\/wp\/v2\/posts\/160535\/revisions"}],"predecessor-version":[{"id":160540,"href":"https:\/\/revistaesperanzas.com\/web\/wp-json\/wp\/v2\/posts\/160535\/revisions\/160540"}],"wp:featuredmedia":[{"embeddable":true,"href":"https:\/\/revistaesperanzas.com\/web\/wp-json\/wp\/v2\/media\/160536"}],"wp:attachment":[{"href":"https:\/\/revistaesperanzas.com\/web\/wp-json\/wp\/v2\/media?parent=160535"}],"wp:term":[{"taxonomy":"category","embeddable":true,"href":"https:\/\/revistaesperanzas.com\/web\/wp-json\/wp\/v2\/categories?post=160535"},{"taxonomy":"post_tag","embeddable":true,"href":"https:\/\/revistaesperanzas.com\/web\/wp-json\/wp\/v2\/tags?post=160535"}],"curies":[{"name":"wp","href":"https:\/\/api.w.org\/{rel}","templated":true}]}}