{"id":160541,"date":"2026-09-03T20:18:37","date_gmt":"2026-09-03T23:18:37","guid":{"rendered":"https:\/\/revistaesperanzas.com\/web\/?p=160541"},"modified":"2026-09-03T20:18:37","modified_gmt":"2026-09-03T23:18:37","slug":"santo-tome-policia-de-corrientes-secuestra-cuatro-telefonos-celulares-y-tres-motocicletas-robadas","status":"publish","type":"post","link":"https:\/\/revistaesperanzas.com\/web\/2026\/09\/santo-tome-policia-de-corrientes-secuestra-cuatro-telefonos-celulares-y-tres-motocicletas-robadas\/","title":{"rendered":"SANTO TOME: POLICIA DE CORRIENTES SECUESTRA CUATRO TEL\u00c9FONOS CELULARES Y TRES MOTOCICLETAS ROBADAS"},"content":{"rendered":"<p>Efectivos policiales de la Comisar\u00eda de Distrito Primera de Santo Tome, en el marco de un legajo de investigaci\u00f3n -supuesta estafa- que se encuentra en tr\u00e1mite en colaboraci\u00f3n con la unidad fiscal interviniente, tras diligenciar una orden de allanamiento,<a href=\"https:\/\/revistaesperanzas.com\/web\/2026\/09\/santo-tome-policia-de-corrientes-secuestra-cuatro-telefonos-celulares-y-tres-motocicletas-robadas\/whatsapp-image-2026-09-03-at-11-27-50\/\" rel=\"attachment wp-att-160543\"><img loading=\"lazy\" decoding=\"async\" class=\" wp-image-160543 alignright\" src=\"https:\/\/revistaesperanzas.com\/web\/wp-content\/uploads\/2026\/09\/WhatsApp-Image-2026-09-03-at-11.27.50.jpeg\" alt=\"\" width=\"410\" height=\"546\" srcset=\"https:\/\/revistaesperanzas.com\/web\/wp-content\/uploads\/2026\/09\/WhatsApp-Image-2026-09-03-at-11.27.50.jpeg 500w, https:\/\/revistaesperanzas.com\/web\/wp-content\/uploads\/2026\/09\/WhatsApp-Image-2026-09-03-at-11.27.50-315x420.jpeg 315w\" sizes=\"auto, (max-width: 410px) 100vw, 410px\" \/><\/a> secuestraron tres motocicletas y cuatro tel\u00e9fonos celulares.<\/p>\n<p>Los distintos trabajos de investigaci\u00f3n desplegados, llev\u00f3 a los investigadores a diligenciar una orden de allanamiento en un domicilio ubicado en esa ciudad, lugar donde hallaron y secuestraron tres motocicletas -marca Honda Titan 150c.c, Honda Wave 110c.c y Corven Energy 110c.c- y cuatro tel\u00e9fonos celulares de diferentes modelos, los cuales estar\u00edan vinculados a la causa que se investiga.<\/p>\n<p>Todo lo secuestrado fue trasladado a la citada dependencia policial, donde se prosigue con los tr\u00e1mites del caso.<\/p>\n","protected":false},"excerpt":{"rendered":"<p>Efectivos policiales de la Comisar\u00eda de Distrito Primera de Santo Tome, en el marco de un legajo de investigaci\u00f3n -supuesta estafa- que se encuentra en tr\u00e1mite en colaboraci\u00f3n con la unidad fiscal interviniente, tras diligenciar una orden de allanamiento, secuestraron tres motocicletas y cuatro tel\u00e9fonos celulares. Los distintos trabajos de investigaci\u00f3n desplegados, llev\u00f3 a los [&hellip;]<\/p>\n","protected":false},"author":4,"featured_media":160542,"comment_status":"closed","ping_status":"closed","sticky":false,"template":"","format":"standard","meta":{"footnotes":""},"categories":[58],"tags":[],"class_list":["post-160541","post","type-post","status-publish","format-standard","has-post-thumbnail","category-corrientes"],"_links":{"self":[{"href":"https:\/\/revistaesperanzas.com\/web\/wp-json\/wp\/v2\/posts\/160541","targetHints":{"allow":["GET"]}}],"collection":[{"href":"https:\/\/revistaesperanzas.com\/web\/wp-json\/wp\/v2\/posts"}],"about":[{"href":"https:\/\/revistaesperanzas.com\/web\/wp-json\/wp\/v2\/types\/post"}],"author":[{"embeddable":true,"href":"https:\/\/revistaesperanzas.com\/web\/wp-json\/wp\/v2\/users\/4"}],"replies":[{"embeddable":true,"href":"https:\/\/revistaesperanzas.com\/web\/wp-json\/wp\/v2\/comments?post=160541"}],"version-history":[{"count":2,"href":"https:\/\/revistaesperanzas.com\/web\/wp-json\/wp\/v2\/posts\/160541\/revisions"}],"predecessor-version":[{"id":160545,"href":"https:\/\/revistaesperanzas.com\/web\/wp-json\/wp\/v2\/posts\/160541\/revisions\/160545"}],"wp:featuredmedia":[{"embeddable":true,"href":"https:\/\/revistaesperanzas.com\/web\/wp-json\/wp\/v2\/media\/160542"}],"wp:attachment":[{"href":"https:\/\/revistaesperanzas.com\/web\/wp-json\/wp\/v2\/media?parent=160541"}],"wp:term":[{"taxonomy":"category","embeddable":true,"href":"https:\/\/revistaesperanzas.com\/web\/wp-json\/wp\/v2\/categories?post=160541"},{"taxonomy":"post_tag","embeddable":true,"href":"https:\/\/revistaesperanzas.com\/web\/wp-json\/wp\/v2\/tags?post=160541"}],"curies":[{"name":"wp","href":"https:\/\/api.w.org\/{rel}","templated":true}]}}