{"id":160560,"date":"2026-09-03T20:50:14","date_gmt":"2026-09-03T23:50:14","guid":{"rendered":"https:\/\/revistaesperanzas.com\/web\/?p=160560"},"modified":"2026-09-03T20:50:14","modified_gmt":"2026-09-03T23:50:14","slug":"rapido-y-eficaz-accionar-la-policia-recupero-una-motocicleta-denunciada-como-sustraida-recientemente","status":"publish","type":"post","link":"https:\/\/revistaesperanzas.com\/web\/2026\/09\/rapido-y-eficaz-accionar-la-policia-recupero-una-motocicleta-denunciada-como-sustraida-recientemente\/","title":{"rendered":"R\u00c1PIDO Y EFICAZ ACCIONAR: La Polic\u00eda recuper\u00f3 una motocicleta denunciada como sustra\u00edda recientemente."},"content":{"rendered":"<p>En la jornada de hoy 03-09-26, efectivos policiales de la Comisar\u00eda 13\u00b0 Urbana de forma conjunta con sus pares de la Comisar\u00eda 21\u00b0 Urbana y de la Unidad Especial Antiarrebatos, tras un r\u00e1pido y eficaz accionar lograron recuperar una motocicleta denunciada como sustra\u00edda.<\/p>\n<p>El procedimiento fue concretado por los citados efectivos luego de tomar conocimiento de un hecho delictivo ocurrido en inmediaciones de las calles Suecia y Tur\u00edn, por lo que, de manera inmediata iniciaron amplias tareas de b\u00fasqueda y rastrillaje, logrando posteriormente hallar y recuperar el rodado, adem\u00e1s, demoraron a un joven de 24 a\u00f1os de edad, quien estar\u00eda sindicado como presunto autor del hecho.<\/p>\n<p>Al respecto, el demorado junto al rodado recuperado fue puesto a disposici\u00f3n de la Unidad Fiscal en turno y trasladado a la citada dependencia, donde se prosiguieron con los tramites de rigor<\/p>\n","protected":false},"excerpt":{"rendered":"<p>En la jornada de hoy 03-09-26, efectivos policiales de la Comisar\u00eda 13\u00b0 Urbana de forma conjunta con sus pares de la Comisar\u00eda 21\u00b0 Urbana y de la Unidad Especial Antiarrebatos, tras un r\u00e1pido y eficaz accionar lograron recuperar una motocicleta denunciada como sustra\u00edda. El procedimiento fue concretado por los citados efectivos luego de tomar conocimiento [&hellip;]<\/p>\n","protected":false},"author":4,"featured_media":160561,"comment_status":"closed","ping_status":"closed","sticky":false,"template":"","format":"standard","meta":{"footnotes":""},"categories":[58],"tags":[],"class_list":["post-160560","post","type-post","status-publish","format-standard","has-post-thumbnail","category-corrientes"],"_links":{"self":[{"href":"https:\/\/revistaesperanzas.com\/web\/wp-json\/wp\/v2\/posts\/160560","targetHints":{"allow":["GET"]}}],"collection":[{"href":"https:\/\/revistaesperanzas.com\/web\/wp-json\/wp\/v2\/posts"}],"about":[{"href":"https:\/\/revistaesperanzas.com\/web\/wp-json\/wp\/v2\/types\/post"}],"author":[{"embeddable":true,"href":"https:\/\/revistaesperanzas.com\/web\/wp-json\/wp\/v2\/users\/4"}],"replies":[{"embeddable":true,"href":"https:\/\/revistaesperanzas.com\/web\/wp-json\/wp\/v2\/comments?post=160560"}],"version-history":[{"count":1,"href":"https:\/\/revistaesperanzas.com\/web\/wp-json\/wp\/v2\/posts\/160560\/revisions"}],"predecessor-version":[{"id":160562,"href":"https:\/\/revistaesperanzas.com\/web\/wp-json\/wp\/v2\/posts\/160560\/revisions\/160562"}],"wp:featuredmedia":[{"embeddable":true,"href":"https:\/\/revistaesperanzas.com\/web\/wp-json\/wp\/v2\/media\/160561"}],"wp:attachment":[{"href":"https:\/\/revistaesperanzas.com\/web\/wp-json\/wp\/v2\/media?parent=160560"}],"wp:term":[{"taxonomy":"category","embeddable":true,"href":"https:\/\/revistaesperanzas.com\/web\/wp-json\/wp\/v2\/categories?post=160560"},{"taxonomy":"post_tag","embeddable":true,"href":"https:\/\/revistaesperanzas.com\/web\/wp-json\/wp\/v2\/tags?post=160560"}],"curies":[{"name":"wp","href":"https:\/\/api.w.org\/{rel}","templated":true}]}}