{"id":160563,"date":"2026-09-03T20:52:27","date_gmt":"2026-09-03T23:52:27","guid":{"rendered":"https:\/\/revistaesperanzas.com\/web\/?p=160563"},"modified":"2026-09-03T20:52:27","modified_gmt":"2026-09-03T23:52:27","slug":"rapido-y-eficaz-accionar-la-policia-recupero-un-telefono-celular-recientemente-sustraido-y-aprehendio-al-presunto-autor-del-hecho","status":"publish","type":"post","link":"https:\/\/revistaesperanzas.com\/web\/2026\/09\/rapido-y-eficaz-accionar-la-policia-recupero-un-telefono-celular-recientemente-sustraido-y-aprehendio-al-presunto-autor-del-hecho\/","title":{"rendered":"R\u00c1PIDO Y EFICAZ ACCIONAR:  La Polic\u00eda recuper\u00f3 un tel\u00e9fono celular recientemente sustra\u00eddo y aprehendi\u00f3 al presunto autor del hecho"},"content":{"rendered":"<p>En horas del mediod\u00eda de hoy 03-09-26, efectivos policiales de la Comisaria Quinta Urbana, tras un r\u00e1pido y eficaz accionar, lograron recuperar un tel\u00e9fono celular recientemente sustra\u00eddo y aprehendieron al presunto autor del hecho.<\/p>\n<p>El procedimiento lo realizaron pasadas las 11:00 horas, en inmediaciones de calle Las Piedras y Pasaje 4, donde tras una r\u00e1pida intervenci\u00f3n del personal policial, lograron recuperar un tel\u00e9fono celular recientemente sustra\u00eddo y aprehender a un hombre mayor de edad -alias Luquitas-, quien estar\u00eda sindicado como el presunto autor del hecho.<\/p>\n<p>Al respecto, el dispositivo recuperado y el hombre aprehendido, fueron puestos a disposici\u00f3n de la Unidad Fiscal en turno y trasladados a la citada dependencia policial, donde se prosigue con los tr\u00e1mites que corresponden.<\/p>\n","protected":false},"excerpt":{"rendered":"<p>En horas del mediod\u00eda de hoy 03-09-26, efectivos policiales de la Comisaria Quinta Urbana, tras un r\u00e1pido y eficaz accionar, lograron recuperar un tel\u00e9fono celular recientemente sustra\u00eddo y aprehendieron al presunto autor del hecho. El procedimiento lo realizaron pasadas las 11:00 horas, en inmediaciones de calle Las Piedras y Pasaje 4, donde tras una r\u00e1pida [&hellip;]<\/p>\n","protected":false},"author":4,"featured_media":160564,"comment_status":"closed","ping_status":"closed","sticky":false,"template":"","format":"standard","meta":{"footnotes":""},"categories":[58],"tags":[],"class_list":["post-160563","post","type-post","status-publish","format-standard","has-post-thumbnail","category-corrientes"],"_links":{"self":[{"href":"https:\/\/revistaesperanzas.com\/web\/wp-json\/wp\/v2\/posts\/160563","targetHints":{"allow":["GET"]}}],"collection":[{"href":"https:\/\/revistaesperanzas.com\/web\/wp-json\/wp\/v2\/posts"}],"about":[{"href":"https:\/\/revistaesperanzas.com\/web\/wp-json\/wp\/v2\/types\/post"}],"author":[{"embeddable":true,"href":"https:\/\/revistaesperanzas.com\/web\/wp-json\/wp\/v2\/users\/4"}],"replies":[{"embeddable":true,"href":"https:\/\/revistaesperanzas.com\/web\/wp-json\/wp\/v2\/comments?post=160563"}],"version-history":[{"count":1,"href":"https:\/\/revistaesperanzas.com\/web\/wp-json\/wp\/v2\/posts\/160563\/revisions"}],"predecessor-version":[{"id":160565,"href":"https:\/\/revistaesperanzas.com\/web\/wp-json\/wp\/v2\/posts\/160563\/revisions\/160565"}],"wp:featuredmedia":[{"embeddable":true,"href":"https:\/\/revistaesperanzas.com\/web\/wp-json\/wp\/v2\/media\/160564"}],"wp:attachment":[{"href":"https:\/\/revistaesperanzas.com\/web\/wp-json\/wp\/v2\/media?parent=160563"}],"wp:term":[{"taxonomy":"category","embeddable":true,"href":"https:\/\/revistaesperanzas.com\/web\/wp-json\/wp\/v2\/categories?post=160563"},{"taxonomy":"post_tag","embeddable":true,"href":"https:\/\/revistaesperanzas.com\/web\/wp-json\/wp\/v2\/tags?post=160563"}],"curies":[{"name":"wp","href":"https:\/\/api.w.org\/{rel}","templated":true}]}}