{"id":160566,"date":"2026-09-03T20:54:29","date_gmt":"2026-09-03T23:54:29","guid":{"rendered":"https:\/\/revistaesperanzas.com\/web\/?p=160566"},"modified":"2026-09-03T20:54:29","modified_gmt":"2026-09-03T23:54:29","slug":"santa-ana-la-policia-demoro-a-dos-hombres-con-antecedentes-policiales-y-secuestro-la-motocicleta-en-que-se-movilizaban","status":"publish","type":"post","link":"https:\/\/revistaesperanzas.com\/web\/2026\/09\/santa-ana-la-policia-demoro-a-dos-hombres-con-antecedentes-policiales-y-secuestro-la-motocicleta-en-que-se-movilizaban\/","title":{"rendered":"SANTA ANA:  La Polic\u00eda demor\u00f3 a dos hombres con antecedentes policiales y secuestr\u00f3 la motocicleta en que se movilizaban."},"content":{"rendered":"<p>En horas de la ma\u00f1ana de hoy 03-09-26, efectivos policiales del Unidad Especial de Tr\u00e1nsito y Caminera de Santa Ana, realizando sus labores de prevenci\u00f3n, demoraron a dos hombres que registraban antecedentes policiales y secuestraron la motocicleta en la que se movilizaban.<\/p>\n<p>El procedimiento lo realizaron cerca del mediod\u00eda, sobre la ruta Nacional N\u00ba 43, en momentos en que realizaban controles vehiculares, demoraron a dos sujetos -mayores de edad-, quienes, tras realizar las primeras averiguaciones, resultaron con antecedentes policiales, por lo que fueron demorados, adem\u00e1s, secuestraron una motocicleta -marca Motomel Skua 150cc.- en que se movilizaban, de la cual, no contaban con las documentaciones que acrediten su propiedad.<\/p>\n<p>Los demorados y el rodado secuestrado, fueron trasladado a la citada dependencia policial, donde se prosigue con los tr\u00e1mites que corresponden.<\/p>\n","protected":false},"excerpt":{"rendered":"<p>En horas de la ma\u00f1ana de hoy 03-09-26, efectivos policiales del Unidad Especial de Tr\u00e1nsito y Caminera de Santa Ana, realizando sus labores de prevenci\u00f3n, demoraron a dos hombres que registraban antecedentes policiales y secuestraron la motocicleta en la que se movilizaban. El procedimiento lo realizaron cerca del mediod\u00eda, sobre la ruta Nacional N\u00ba 43, [&hellip;]<\/p>\n","protected":false},"author":4,"featured_media":160567,"comment_status":"closed","ping_status":"closed","sticky":false,"template":"","format":"standard","meta":{"footnotes":""},"categories":[58],"tags":[],"class_list":["post-160566","post","type-post","status-publish","format-standard","has-post-thumbnail","category-corrientes"],"_links":{"self":[{"href":"https:\/\/revistaesperanzas.com\/web\/wp-json\/wp\/v2\/posts\/160566","targetHints":{"allow":["GET"]}}],"collection":[{"href":"https:\/\/revistaesperanzas.com\/web\/wp-json\/wp\/v2\/posts"}],"about":[{"href":"https:\/\/revistaesperanzas.com\/web\/wp-json\/wp\/v2\/types\/post"}],"author":[{"embeddable":true,"href":"https:\/\/revistaesperanzas.com\/web\/wp-json\/wp\/v2\/users\/4"}],"replies":[{"embeddable":true,"href":"https:\/\/revistaesperanzas.com\/web\/wp-json\/wp\/v2\/comments?post=160566"}],"version-history":[{"count":1,"href":"https:\/\/revistaesperanzas.com\/web\/wp-json\/wp\/v2\/posts\/160566\/revisions"}],"predecessor-version":[{"id":160568,"href":"https:\/\/revistaesperanzas.com\/web\/wp-json\/wp\/v2\/posts\/160566\/revisions\/160568"}],"wp:featuredmedia":[{"embeddable":true,"href":"https:\/\/revistaesperanzas.com\/web\/wp-json\/wp\/v2\/media\/160567"}],"wp:attachment":[{"href":"https:\/\/revistaesperanzas.com\/web\/wp-json\/wp\/v2\/media?parent=160566"}],"wp:term":[{"taxonomy":"category","embeddable":true,"href":"https:\/\/revistaesperanzas.com\/web\/wp-json\/wp\/v2\/categories?post=160566"},{"taxonomy":"post_tag","embeddable":true,"href":"https:\/\/revistaesperanzas.com\/web\/wp-json\/wp\/v2\/tags?post=160566"}],"curies":[{"name":"wp","href":"https:\/\/api.w.org\/{rel}","templated":true}]}}