{"id":160570,"date":"2026-09-04T08:12:38","date_gmt":"2026-09-04T11:12:38","guid":{"rendered":"https:\/\/revistaesperanzas.com\/web\/?p=160570"},"modified":"2026-09-04T08:12:38","modified_gmt":"2026-09-04T11:12:38","slug":"el-reino-unido-respondio-tras-las-nuevas-medidas-del-gobierno-por-malvinas-y-sostuvo-que-su-compromiso-con-las-islas-es-absoluto-e-inquebrantable","status":"publish","type":"post","link":"https:\/\/revistaesperanzas.com\/web\/2026\/09\/el-reino-unido-respondio-tras-las-nuevas-medidas-del-gobierno-por-malvinas-y-sostuvo-que-su-compromiso-con-las-islas-es-absoluto-e-inquebrantable\/","title":{"rendered":"EL REINO UNIDO RESPONDI\u00d3 TRAS LAS NUEVAS MEDIDAS DEL GOBIERNO POR MALVINAS Y SOSTUVO QUE SU COMPROMISO CON LAS ISLAS ES &#8220;ABSOLUTO E INQUEBRANTABLE&#8221;"},"content":{"rendered":"<div class=\"c-stack b-right-rail__full-width-1\" data-style-direction=\"vertical\" data-style-justification=\"start\" data-style-alignment=\"unset\" data-style-inline=\"false\" data-style-wrap=\"nowrap\"><\/div>\n<div class=\"c-grid b-right-rail__rail-container\">\n<div class=\"c-stack b-right-rail__main-interior-item\" data-style-direction=\"vertical\" data-style-justification=\"start\" data-style-alignment=\"unset\" data-style-inline=\"false\" data-style-wrap=\"nowrap\">\n<p class=\"c-heading b-subheadline\"><span style=\"font-size: 14pt; color: #3366ff;\"><strong>El cruce diplom\u00e1tico volvi\u00f3 a poner la disputa por las Malvinas en el centro de la agenda entre Argentina y Reino Unido<\/strong><\/span><\/p>\n<div>\n<div data-mrf-recirculation=\"IL__zdk84GVTsq75bmncWtcIg\" data-testid=\"text-html\" data-mrf-experience=\"IL__zdk84GVTsq75bmncWtcIg\">\n<p>[<a class=\"c-link\" href=\"https:\/\/radiomitre.cienradios.com\/mundo\/donald-trump-ataca-al-reino-unido-y-cuestiona-su-capacidad-para-mantener-las-islas-malvinas-no-estan-haciendo-bien\/\" target=\"_blank\" rel=\"noopener\" aria-label=\"article-body-block.interstitial-link-aria-label\" data-mrf-link=\"https:\/\/radiomitre.cienradios.com\/mundo\/donald-trump-ataca-al-reino-unido-y-cuestiona-su-capacidad-para-mantener-las-islas-malvinas-no-estan-haciendo-bien\/\">\u00a0Donald Trump ataca al Reino Unido y cuestiona su capacidad para mantener las Islas Malvinas: \u201cNo est\u00e1n haciendo bien\u201d<span class=\"visually-hidden\">Opens in new window<\/span>\u00a0<\/a>]<\/p>\n<p>[<a class=\"c-link\" href=\"https:\/\/radiomitre.cienradios.com\/mundo\/la-teoria-sobre-el-crimen-de-jonathan-melendez-el-musico-que-asesinaron-junto-a-su-hijita-y-su-esposa-embarazada\/\" target=\"_blank\" rel=\"noopener\" aria-label=\"article-body-block.interstitial-link-aria-label\" data-mrf-link=\"https:\/\/radiomitre.cienradios.com\/mundo\/la-teoria-sobre-el-crimen-de-jonathan-melendez-el-musico-que-asesinaron-junto-a-su-hijita-y-su-esposa-embarazada\/\">\u00a0La teor\u00eda sobre el crimen de Jonathan Mel\u00e9ndez, el m\u00fasico que asesinaron junto a su hijita y su esposa embarazada<span class=\"visually-hidden\">Opens in new window<\/span>\u00a0<\/a>]<\/p>\n<\/div>\n<\/div>\n<article class=\"b-article-body\">\n<figure class=\"c-media-item b-article-body__image\"><img loading=\"lazy\" decoding=\"async\" class=\"c-image\" src=\"https:\/\/radiomitre.cienradios.com\/resizer\/v2\/B6GWTLNCL5F43JXBPCDFMN2ZEE.png?auth=53912e10f34e1d053a518929886970955df77b627a530aefdeb95af0b17a96f9&amp;width=800&amp;height=400\" srcset=\"https:\/\/radiomitre.cienradios.com\/resizer\/v2\/B6GWTLNCL5F43JXBPCDFMN2ZEE.png?auth=53912e10f34e1d053a518929886970955df77b627a530aefdeb95af0b17a96f9&amp;width=274&amp;height=137 274w, https:\/\/radiomitre.cienradios.com\/resizer\/v2\/B6GWTLNCL5F43JXBPCDFMN2ZEE.png?auth=53912e10f34e1d053a518929886970955df77b627a530aefdeb95af0b17a96f9&amp;width=400&amp;height=200 400w, https:\/\/radiomitre.cienradios.com\/resizer\/v2\/B6GWTLNCL5F43JXBPCDFMN2ZEE.png?auth=53912e10f34e1d053a518929886970955df77b627a530aefdeb95af0b17a96f9&amp;width=768&amp;height=384 768w, https:\/\/radiomitre.cienradios.com\/resizer\/v2\/B6GWTLNCL5F43JXBPCDFMN2ZEE.png?auth=53912e10f34e1d053a518929886970955df77b627a530aefdeb95af0b17a96f9&amp;width=1024&amp;height=512 1024w, https:\/\/radiomitre.cienradios.com\/resizer\/v2\/B6GWTLNCL5F43JXBPCDFMN2ZEE.png?auth=53912e10f34e1d053a518929886970955df77b627a530aefdeb95af0b17a96f9&amp;width=1440&amp;height=720 1440w\" alt=\"El Reino Unido respondi\u00f3 tras las nuevas medidas del Gobierno por Malvinas y sostuvo que su compromiso con las islas es \u201cabsoluto e inquebrantable\u201d\" width=\"800\" height=\"400\" data-chromatic=\"ignore\" \/><figcaption class=\"c-media-item__fig-caption\"><span class=\"c-media-item__title\">El Reino Unido respondi\u00f3 tras las nuevas medidas del Gobierno por Malvinas y sostuvo que su compromiso con las islas es \u201cabsoluto e inquebrantable\u201d<\/span><\/figcaption><\/figure>\n<p class=\"c-paragraph\">El Reino Unido respondi\u00f3 al reclamo d<b>e Javier Milei\u00a0<\/b>por las Islas Malvinas y reafirm\u00f3 su postura sobre la soberan\u00eda del archipi\u00e9lago.\u00a0<b>Wes Streeting\u00a0<\/b>calific\u00f3 de\u00a0<b>\u201cabsoluto e inquebrantable\u201d<\/b>\u00a0el compromiso brit\u00e1nico con las islas.<\/p>\n<h2 class=\"b-article-body__h2\"><span style=\"font-size: 18pt;\"><strong><span style=\"color: #3366ff;\">Londres respondi\u00f3 a Javier Milei y ratific\u00f3 su postura sobre las Islas Malvinas<\/span><\/strong><\/span><\/h2>\n<p class=\"c-paragraph\">El Reino Unido respondi\u00f3 al nuevo reclamo de Javier Milei por las Islas Malvinas y reafirm\u00f3 su posici\u00f3n sobre el archipi\u00e9lago. El secretario de Defensa brit\u00e1nico,\u00a0<span style=\"color: #3366ff;\"><b>Wes Streeting<\/b><\/span>, sostuvo que el compromiso de su pa\u00eds con las islas es\u00a0<span style=\"color: #3366ff;\"><b>\u201cabsoluto e inquebrantable<\/b>\u201d<\/span> y cuestion\u00f3 el mensaje que el Presidente argentino brind\u00f3 por cadena nacional.<\/p>\n<p class=\"c-paragraph\">\u201cLa declaraci\u00f3n de Milei durante la noche nos dice m\u00e1s\u00a0<b><span style=\"color: #3366ff;\">sobre la pol\u00edtica interna en Argentina que sobre las Islas Malvinas\u201d<\/span>,<\/b>\u00a0escribi\u00f3 Streeting en redes sociales. El funcionario acompa\u00f1\u00f3 su publicaci\u00f3n con im\u00e1genes de una visita al archipi\u00e9lago y volvi\u00f3 a defender la postura brit\u00e1nica sobre la soberan\u00eda.<\/p>\n<div>\n<div id=\"ad-slot-inread\" class=\"ad-slot-inread ad-slot\" data-collapse_unfilled=\"1\" data-adtype=\"inread\" data-google-query-id=\"CMTjvZHi1JYDFdsfHgAdqQAqJw\">\n<div id=\"google_ads_iframe_\/39380843\/sitios_principales\/radio_mitre\/notas\/inread_0__container__\">Durante su mensaje, Milei vincul\u00f3 el reclamo argentino con el escenario internacional y mencion\u00f3 las declaraciones de <span style=\"color: #3366ff;\"><b>Donald Trump<\/b>,<\/span> quien plante\u00f3 la posibilidad de \u201crevisar\u201d la tradicional posici\u00f3n de Estados Unidos frente a la disputa.<\/div>\n<\/div>\n<\/div>\n<p class=\"c-paragraph\">El Presidente sostuvo que \u201cen el mundo corren vientos de cambio favorables a nuestro reclamo\u201d y anunci\u00f3 nuevas medidas contra empresas que desarrollen actividades sin autorizaci\u00f3n argentina.<\/p>\n<h2 class=\"b-article-body__h2\"><span style=\"color: #3366ff;\"><b>La explotaci\u00f3n petrolera y la autodeterminaci\u00f3n volvieron a generar tensi\u00f3n<\/b><\/span><\/h2>\n<p class=\"c-paragraph\">Uno de los principales puntos de conflicto gira alrededor del proyecto petrolero\u00a0<span style=\"color: #3366ff;\"><b>Sea Lion<\/b><\/span>, impulsado por Rockhopper y Navitas en la zona de las islas. Milei advirti\u00f3 que\u00a0<span style=\"color: #3366ff;\"><b>\u201cesta amenaza no es inocua\u201d<\/b><\/span>\u00a0y asegur\u00f3 que el Gobierno actuar\u00e1 \u201ccon firmeza\u201d frente a las actividades que considere contrarias a los intereses estrat\u00e9gicos argentinos.<\/p>\n<p class=\"c-paragraph\">El mandatario tambi\u00e9n anunci\u00f3 la creaci\u00f3n de una base naval en\u00a0<span style=\"color: #3366ff;\"><b>Tierra del Fuego<\/b><\/span>\u00a0y volvi\u00f3 a rechazar el argumento de autodeterminaci\u00f3n utilizado por los habitantes de las islas. En su discurso los defini\u00f3 como <span style=\"color: #3366ff;\">\u201c<b>una poblaci\u00f3n implantada en un territorio usurpado\u201d<\/b><\/span>\u00a0y afirm\u00f3 que \u201cno tienen un derecho leg\u00edtimo a la autodeterminaci\u00f3n\u201d.<\/p>\n<p class=\"c-paragraph\">La disputa por la soberan\u00eda mantiene un marco diplom\u00e1tico desde hace d\u00e9cadas. En 1965, la ONU aprob\u00f3 una resoluci\u00f3n que inst\u00f3 a Argentina y Reino Unido a negociar la controversia y evitar medidas unilaterales.<\/p>\n<p class=\"c-paragraph\">M\u00e1s de cuatro d\u00e9cadas despu\u00e9s de la guerra de 1982, ambos pa\u00edses mantienen posiciones enfrentadas. Streeting volvi\u00f3 a resumir la postura brit\u00e1nica al afirmar:<span style=\"color: #3366ff;\">\u00a0<b>\u201cLas Malvinas son brit\u00e1nicas porque los habitantes de las Malvinas eligen ser brit\u00e1nicos\u201d.<\/b><\/span><\/p>\n<p>www.radiomitre.com<\/p>\n<\/article>\n<\/div>\n<\/div>\n","protected":false},"excerpt":{"rendered":"<p>El cruce diplom\u00e1tico volvi\u00f3 a poner la disputa por las Malvinas en el centro de la agenda entre Argentina y Reino Unido [\u00a0Donald Trump ataca al Reino Unido y cuestiona su capacidad para mantener las Islas Malvinas: \u201cNo est\u00e1n haciendo bien\u201dOpens in new window\u00a0] [\u00a0La teor\u00eda sobre el crimen de Jonathan Mel\u00e9ndez, el m\u00fasico que [&hellip;]<\/p>\n","protected":false},"author":4,"featured_media":160571,"comment_status":"closed","ping_status":"closed","sticky":false,"template":"","format":"standard","meta":{"footnotes":""},"categories":[4],"tags":[],"class_list":["post-160570","post","type-post","status-publish","format-standard","has-post-thumbnail","category-nacionales"],"_links":{"self":[{"href":"https:\/\/revistaesperanzas.com\/web\/wp-json\/wp\/v2\/posts\/160570","targetHints":{"allow":["GET"]}}],"collection":[{"href":"https:\/\/revistaesperanzas.com\/web\/wp-json\/wp\/v2\/posts"}],"about":[{"href":"https:\/\/revistaesperanzas.com\/web\/wp-json\/wp\/v2\/types\/post"}],"author":[{"embeddable":true,"href":"https:\/\/revistaesperanzas.com\/web\/wp-json\/wp\/v2\/users\/4"}],"replies":[{"embeddable":true,"href":"https:\/\/revistaesperanzas.com\/web\/wp-json\/wp\/v2\/comments?post=160570"}],"version-history":[{"count":1,"href":"https:\/\/revistaesperanzas.com\/web\/wp-json\/wp\/v2\/posts\/160570\/revisions"}],"predecessor-version":[{"id":160573,"href":"https:\/\/revistaesperanzas.com\/web\/wp-json\/wp\/v2\/posts\/160570\/revisions\/160573"}],"wp:featuredmedia":[{"embeddable":true,"href":"https:\/\/revistaesperanzas.com\/web\/wp-json\/wp\/v2\/media\/160571"}],"wp:attachment":[{"href":"https:\/\/revistaesperanzas.com\/web\/wp-json\/wp\/v2\/media?parent=160570"}],"wp:term":[{"taxonomy":"category","embeddable":true,"href":"https:\/\/revistaesperanzas.com\/web\/wp-json\/wp\/v2\/categories?post=160570"},{"taxonomy":"post_tag","embeddable":true,"href":"https:\/\/revistaesperanzas.com\/web\/wp-json\/wp\/v2\/tags?post=160570"}],"curies":[{"name":"wp","href":"https:\/\/api.w.org\/{rel}","templated":true}]}}