{"id":160572,"date":"2026-09-04T08:26:54","date_gmt":"2026-09-04T11:26:54","guid":{"rendered":"https:\/\/revistaesperanzas.com\/web\/?p=160572"},"modified":"2026-09-04T08:26:54","modified_gmt":"2026-09-04T11:26:54","slug":"el-nino-2026-cuales-son-las-zonas-sw-argentina-con-mayor-riesgo-de-tormentas-y-fenomenos-extremos","status":"publish","type":"post","link":"https:\/\/revistaesperanzas.com\/web\/2026\/09\/el-nino-2026-cuales-son-las-zonas-sw-argentina-con-mayor-riesgo-de-tormentas-y-fenomenos-extremos\/","title":{"rendered":"EL NI\u00d1O 2026: CU\u00c1LES SON LAS ZONAS SW ARGENTINA CON MAYOR RIESGO DE TORMENTAS Y FEN\u00d3MENOS EXTREMOS"},"content":{"rendered":"<header class=\"header-wrapper-new\">\n<div class=\"article-header with-follow-button-ctn article-header-new\">\n<p class=\"article-subheadline text-align-left\">Por: <a class=\"author-name\" style=\"color: #4db2ec; text-decoration: underline;\" href=\"https:\/\/www.infobae.com\/autor\/victor-ingrassia\/\" aria-label=\"V\u00edctor Ingrassia\">V\u00edctor Ingrassia\u00a0 &#8211; &#8211; <\/a><strong>Especialistas confirmaron que la fase c\u00e1lida del Pac\u00edfico mantendr\u00e1 una intensidad elevada hasta febrero. Las regiones que presentan m\u00e1s vulnerabilidad ante las precipitaciones abundantes<\/strong><button id=\"ai-tool-summary\" class=\"ai-tools-item discover-border\" type=\"button\" aria-pressed=\"false\"><\/button><\/p>\n<\/div>\n<\/header>\n<article>\n<div class=\"body-article \">\n<div class=\"visual__image image-initial-width\"><picture><source srcset=\"https:\/\/www.infobae.com\/resizer\/v2\/7SKHPKZDTBEQVJASEDSKWTFYG4.png?auth=5fe9348a28a57de836daca9095e1f31753b491d8badfa2ef9fb9dfa81e977012&amp;smart=true&amp;width=992&amp;height=554&amp;quality=85\" media=\"(min-width: 1000px)\" \/><source srcset=\"https:\/\/www.infobae.com\/resizer\/v2\/7SKHPKZDTBEQVJASEDSKWTFYG4.png?auth=5fe9348a28a57de836daca9095e1f31753b491d8badfa2ef9fb9dfa81e977012&amp;smart=true&amp;width=768&amp;height=429&amp;quality=85\" media=\"(min-width: 768px)\" \/><source srcset=\"https:\/\/www.infobae.com\/resizer\/v2\/7SKHPKZDTBEQVJASEDSKWTFYG4.png?auth=5fe9348a28a57de836daca9095e1f31753b491d8badfa2ef9fb9dfa81e977012&amp;smart=true&amp;width=577&amp;height=322&amp;quality=85\" media=\"(min-width: 580px)\" \/><source srcset=\"https:\/\/www.infobae.com\/resizer\/v2\/7SKHPKZDTBEQVJASEDSKWTFYG4.png?auth=5fe9348a28a57de836daca9095e1f31753b491d8badfa2ef9fb9dfa81e977012&amp;smart=true&amp;width=420&amp;height=234&amp;quality=85\" media=\"(min-width: 350px)\" \/><source srcset=\"https:\/\/www.infobae.com\/resizer\/v2\/7SKHPKZDTBEQVJASEDSKWTFYG4.png?auth=5fe9348a28a57de836daca9095e1f31753b491d8badfa2ef9fb9dfa81e977012&amp;smart=true&amp;width=350&amp;height=195&amp;quality=85\" media=\"(min-width: 80px)\" \/><img loading=\"lazy\" decoding=\"async\" class=\"global-image\" src=\"https:\/\/www.infobae.com\/resizer\/v2\/7SKHPKZDTBEQVJASEDSKWTFYG4.png?auth=5fe9348a28a57de836daca9095e1f31753b491d8badfa2ef9fb9dfa81e977012&amp;smart=true&amp;width=350&amp;height=195&amp;quality=85\" alt=\"Imagen satelital meteorol\u00f3gica con costas delineadas de Chile y Argentina y una gran masa de nubes de colores sobre el Oc\u00e9ano Atl\u00e1ntico.\" width=\"2752\" height=\"1536\" \/><\/picture>El Ni\u00f1o seguir\u00e1 activo en Argentina durante la primavera, con lluvias por encima de lo normal en el Litoral y riesgo de crecidas (Imagen Ilustrativa Infobae)<\/div>\n<div class=\"sharebar-container display_flex sharebar-new\">\n<div class=\"share-bar-article-date-container share-bar-article-date-divider\"><span class=\"sharebar-article-date\">04 Sep, 2026 02:00 a. m.<\/span><span class=\"sharebar-article-date share-bar-article-date-separator\">Actualizado: 04 Sep, 2026 07:02 a. m. AR\u00a0<\/span><\/div>\n<div><\/div>\n<\/div>\n<p class=\"paragraph\" data-paragraph-number=\"1\" data-mrf-recirculation=\"Links inline\">El fen\u00f3meno de\u00a0<a title=\"https:\/\/www.infobae.com\/tag\/el-nino\/\" href=\"https:\/\/www.infobae.com\/tag\/el-nino\/\" target=\"_self\" rel=\"noopener noreferrer\" data-mrf-link=\"https:\/\/www.infobae.com\/tag\/el-nino\/\"><b>El Ni\u00f1o<\/b><\/a>\u00a0ya est\u00e1 instalado en\u00a0<b>Argentina<\/b>\u00a0y los pron\u00f3sticos oficiales coinciden en que\u00a0<a title=\"https:\/\/www.infobae.com\/america\/medio-ambiente\/2026\/09\/03\/que-es-el-fenomeno-de-el-nino-y-por-que-puede-alterar-el-clima-global\/\" href=\"https:\/\/www.infobae.com\/america\/medio-ambiente\/2026\/09\/03\/que-es-el-fenomeno-de-el-nino-y-por-que-puede-alterar-el-clima-global\/\" target=\"_self\" rel=\"noopener noreferrer\" data-mrf-link=\"https:\/\/www.infobae.com\/america\/medio-ambiente\/2026\/09\/03\/que-es-el-fenomeno-de-el-nino-y-por-que-puede-alterar-el-clima-global\/\">mantendr\u00e1 una intensidad fuerte<\/a>\u00a0o muy fuerte durante los pr\u00f3ximos meses, con una incidencia m\u00e1s marcada entre la<b>\u00a0primavera y el inicio del verano.<\/b><\/p>\n<\/div>\n<\/article>\n<p data-paragraph-number=\"1\" data-mrf-recirculation=\"Links inline\">La se\u00f1al ya <a title=\"https:\/\/www.infobae.com\/america\/medio-ambiente\/2026\/08\/28\/el-fenomeno-de-el-nino-ya-no-se-comporta-como-antes-por-que-su-intensidad-record-desde-1990-desafia-los-modelos-climaticos\/\" href=\"https:\/\/www.infobae.com\/america\/medio-ambiente\/2026\/08\/28\/el-fenomeno-de-el-nino-ya-no-se-comporta-como-antes-por-que-su-intensidad-record-desde-1990-desafia-los-modelos-climaticos\/\" target=\"_self\" rel=\"noopener noreferrer\" data-mrf-link=\"https:\/\/www.infobae.com\/america\/medio-ambiente\/2026\/08\/28\/el-fenomeno-de-el-nino-ya-no-se-comporta-como-antes-por-que-su-intensidad-record-desde-1990-desafia-los-modelos-climaticos\/\">no se presenta como una hip\u00f3tesis clim\u00e1tica<\/a>, sino como un factor activo que<b>\u00a0condiciona el r\u00e9gimen de lluvias<\/b>, el comportamiento de las grandes cuencas y la planificaci\u00f3n productiva en distintas regiones del pa\u00eds.<\/p>\n<article>\n<div class=\"body-article \">\n<div class=\"inline ad-wrapper dfpAd ad-inline ad-text ad-component-container\" data-ad-wrapper=\"arcad\" data-ad-type=\"inline\" data-ad-slot=\"infobae\/america\/ciencia-america\/nota\/inline\" data-ad-container=\"dfp\" data-ad-slot-name=\"infobae\/america\/ciencia-america\/nota\/inline\">\n<p class=\"ad-shell-label\">El <b>Servicio Meteorol\u00f3gico Nacional<\/b>\u00a0(<b>SMN<\/b>) inform\u00f3 en su bolet\u00edn de septiembre de 2026 que las condiciones del ENOS corresponden a la fase c\u00e1lida y que existe una\u00a0<b>probabilidad del 100% de que El Ni\u00f1o se mantenga en el trimestre septiembre-octubre-noviembre<\/b>, con una intensidad fuerte o muy fuerte.<\/p>\n<\/div>\n<p class=\"paragraph\" data-paragraph-number=\"4\" data-mrf-recirculation=\"Links inline\">Ese diagn\u00f3stico coincide con la perspectiva difundida en las \u00faltimas semanas por distintos organismos y especialistas, que ubican el per\u00edodo de mayor impacto entre fines de la primavera y los primeros meses del verano.<\/p>\n<div class=\"visual__image\"><picture><source srcset=\"https:\/\/www.infobae.com\/resizer\/v2\/2TKH3735D5FLZHGCMOKCPBOUCQ.png?auth=9708bf80b7c7c541bac5387091a017b6578f6600dd5d97f2dbf4b909b997ca7e&amp;smart=true&amp;width=992&amp;height=558&amp;quality=85\" media=\"(min-width: 1000px)\" \/><source srcset=\"https:\/\/www.infobae.com\/resizer\/v2\/2TKH3735D5FLZHGCMOKCPBOUCQ.png?auth=9708bf80b7c7c541bac5387091a017b6578f6600dd5d97f2dbf4b909b997ca7e&amp;smart=true&amp;width=768&amp;height=432&amp;quality=85\" media=\"(min-width: 768px)\" \/><source srcset=\"https:\/\/www.infobae.com\/resizer\/v2\/2TKH3735D5FLZHGCMOKCPBOUCQ.png?auth=9708bf80b7c7c541bac5387091a017b6578f6600dd5d97f2dbf4b909b997ca7e&amp;smart=true&amp;width=577&amp;height=325&amp;quality=85\" media=\"(min-width: 580px)\" \/><source srcset=\"https:\/\/www.infobae.com\/resizer\/v2\/2TKH3735D5FLZHGCMOKCPBOUCQ.png?auth=9708bf80b7c7c541bac5387091a017b6578f6600dd5d97f2dbf4b909b997ca7e&amp;smart=true&amp;width=420&amp;height=236&amp;quality=85\" media=\"(min-width: 350px)\" \/><source srcset=\"https:\/\/www.infobae.com\/resizer\/v2\/2TKH3735D5FLZHGCMOKCPBOUCQ.png?auth=9708bf80b7c7c541bac5387091a017b6578f6600dd5d97f2dbf4b909b997ca7e&amp;smart=true&amp;width=350&amp;height=197&amp;quality=85\" media=\"(min-width: 80px)\" \/><img loading=\"lazy\" decoding=\"async\" class=\"global-image\" src=\"https:\/\/www.infobae.com\/resizer\/v2\/2TKH3735D5FLZHGCMOKCPBOUCQ.png?auth=9708bf80b7c7c541bac5387091a017b6578f6600dd5d97f2dbf4b909b997ca7e&amp;smart=true&amp;width=350&amp;height=197&amp;quality=85\" alt=\"Dos globos terr\u00e1queos del oc\u00e9ano Pac\u00edfico muestran franjas rojas en el ecuador con una escala de color entre menos 25 y m\u00e1s 25 cent\u00edmetros\" width=\"1920\" height=\"1080\" \/><\/picture>Un mapa comparativo del oc\u00e9ano Pac\u00edfico detalla las anomal\u00edas de la superficie marina en diciembre de 1997 y diciembre de 2015 durante el fen\u00f3meno El Ni\u00f1o.<\/div>\n<div><\/div>\n<p class=\"paragraph\" data-paragraph-number=\"5\" data-mrf-recirculation=\"Links inline\"><b>Jos\u00e9 Luis Stella,\u00a0<\/b>climat\u00f3logo del\u00a0<b>SMN<\/b>, explic\u00f3 a<b>\u00a0Infobae<\/b>\u00a0que la comunidad meteorol\u00f3gica ven\u00eda anticipando desde hace meses la posibilidad de un episodio de gran magnitud. \u201cSe pronosticaba que iba a ser un evento muy fuerte y en estos meses se fue confirmando\u201d, se\u00f1al\u00f3.<\/p>\n<div class=\"inline_2 ad-wrapper dfpAd ad-inline ad-text ad-component-container\" data-ad-wrapper=\"arcad\" data-ad-type=\"inline_2\" data-ad-slot=\"infobae\/america\/ciencia-america\/nota\/inline_2\" data-ad-container=\"dfp\" data-ad-slot-name=\"infobae\/america\/ciencia-america\/nota\/inline_2\">\n<p class=\"ad-shell-label\">Aunque la clasificaci\u00f3n puede variar de un centro internacional a otro, el escenario general no cambi\u00f3: <b>Argentina atraviesa una fase de El Ni\u00f1o que persistir\u00e1 durante varios meses<\/b>\u00a0y que obliga a seguir de cerca su evoluci\u00f3n.<\/p>\n<\/div>\n<p class=\"paragraph\" data-paragraph-number=\"7\" data-mrf-recirculation=\"Links inline\">Los primeros efectos ya comenzaron a observarse durante el invierno. Stella detall\u00f3 que a mediados de julio aparecieron se\u00f1ales compatibles con el patr\u00f3n t\u00edpico del fen\u00f3meno, con alteraciones en la circulaci\u00f3n atmosf\u00e9rica y una sucesi\u00f3n de eventos extremos en distintas zonas del Cono Sur.<\/p>\n<p class=\"paragraph\" data-paragraph-number=\"8\" data-mrf-recirculation=\"Links inline\">\u201cSe vio un poco la circulaci\u00f3n asociada y todos los fen\u00f3menos extremos que estuvieron atravesando parte de la cordillera.\u00a0<b>Chile estuvo muy afectado, Argentina, nevadas hist\u00f3ricas<\/b>, lluvias en el litoral, lluvias en Patagonia, fr\u00edo en Patagonia sur\u201d, indic\u00f3.<\/p>\n<div class=\"ad_1 ad-wrapper dfpAd ad-1-al-6 ad-text ad-component-container\" data-ad-wrapper=\"arcad\" data-ad-type=\"ad_1\" data-ad-slot=\"infobae\/america\/ciencia-america\/nota\/ad_1\" data-ad-container=\"dfp\" data-ad-slot-name=\"infobae\/america\/ciencia-america\/nota\/ad_1\">\n<p class=\"ad-shell-label\"><img loading=\"lazy\" decoding=\"async\" class=\"global-image\" src=\"https:\/\/www.infobae.com\/resizer\/v2\/IACWRHEICRA4VIV7PZE5JP5EZA.png?auth=ba18ec75e5938a22b5d8cfd817d381a558b11fb678af1de38f628fafe2c10a42&amp;smart=true&amp;width=350&amp;height=191&amp;quality=85\" alt=\"(Imagen Ilustrativa Infobae)\" width=\"1408\" height=\"768\" \/><\/p>\n<\/div>\n<div class=\"visual__image\">La OMM advirti\u00f3 que El Ni\u00f1o se intensificar\u00e1 hasta febrero de 2027 y que el monitoreo con alertas tempranas ser\u00e1 clave para anticipar tormentas e inundaciones (Imagen Ilustrativa Infobae)<\/div>\n<h2 id=\"el-norte-del-litoral-concentra-la-principal-senal-de-lluvias-por-encima-de-lo-normal\" class=\"text-align-left vertical-align-top line-height-100 header headline-class-h2 headline\">El norte del Litoral concentra la principal se\u00f1al de lluvias por encima de lo normal<\/h2>\n<p class=\"paragraph\" data-paragraph-number=\"9\" data-mrf-recirculation=\"Links inline\">En el caso argentino, uno de los rasgos m\u00e1s claros del actual episodio\u00a0<b>aparece en el noreste y el Litoral<\/b>, donde los pron\u00f3sticos estacionales marcan la mayor probabilidad de precipitaciones superiores a la media. El informe clim\u00e1tico trimestral del\u00a0<b>SMN<\/b>\u00a0para septiembre, octubre y noviembre ubica al norte del Litoral entre las zonas con se\u00f1al m\u00e1s marcada de exceso de lluvias.<\/p>\n<p class=\"paragraph\" data-paragraph-number=\"10\" data-mrf-recirculation=\"Links inline\">Stella sostuvo que esa regi\u00f3n \u201ces la clave\u201d en esta etapa del fen\u00f3meno, aunque advirti\u00f3 que con el avance de la primavera las probabilidades de lluvias superiores a lo normal podr\u00edan extenderse hacia el sur y el centro del pa\u00eds. Bajo un evento fuerte o muy fuerte, agreg\u00f3, toda\u00a0<b>la franja h\u00fameda y el este de Argentina quedan m\u00e1s expuestos a episodios de precipitaci\u00f3n abundante<\/b>, con riesgo de acumulados por encima de los promedios hist\u00f3ricos.<\/p>\n<div class=\"ad_2 ad-wrapper dfpAd ad-1-al-6 ad-text ad-component-container\" data-ad-wrapper=\"arcad\" data-ad-type=\"ad_2\" data-ad-slot=\"infobae\/america\/ciencia-america\/nota\/ad_2\" data-ad-container=\"dfp\" data-ad-slot-name=\"infobae\/america\/ciencia-america\/nota\/ad_2\">\n<p class=\"ad-shell-label\">Otros informes recientes indican que en sectores de <b>Misiones<\/b>\u00a0y el norte de\u00a0<b>Corrientes<\/b>\u00a0las anomal\u00edas previstas para septiembre podr\u00edan superar los\u00a0<b>150 a 200 mil\u00edmetros<\/b>, en zonas donde normalmente llueven entre 120 y 150 mil\u00edmetros durante ese mes. De cumplirse esa proyecci\u00f3n, los acumulados podr\u00edan ubicarse por encima de\u00a0<b>300 mil\u00edmetros<\/b>.<\/p>\n<\/div>\n<div class=\"visual__image\"><picture><source srcset=\"https:\/\/www.infobae.com\/resizer\/v2\/UL3MNVYIAZFBTIMCUEGCJFY2G4.png?auth=b2ef4203884bfc906a5737d544943dcc176433b44699dcf2ab25b9db6e8611fa&amp;smart=true&amp;width=992&amp;height=1215&amp;quality=85\" media=\"(min-width: 1000px)\" \/><source srcset=\"https:\/\/www.infobae.com\/resizer\/v2\/UL3MNVYIAZFBTIMCUEGCJFY2G4.png?auth=b2ef4203884bfc906a5737d544943dcc176433b44699dcf2ab25b9db6e8611fa&amp;smart=true&amp;width=768&amp;height=941&amp;quality=85\" media=\"(min-width: 768px)\" \/><source srcset=\"https:\/\/www.infobae.com\/resizer\/v2\/UL3MNVYIAZFBTIMCUEGCJFY2G4.png?auth=b2ef4203884bfc906a5737d544943dcc176433b44699dcf2ab25b9db6e8611fa&amp;smart=true&amp;width=577&amp;height=707&amp;quality=85\" media=\"(min-width: 580px)\" \/><source srcset=\"https:\/\/www.infobae.com\/resizer\/v2\/UL3MNVYIAZFBTIMCUEGCJFY2G4.png?auth=b2ef4203884bfc906a5737d544943dcc176433b44699dcf2ab25b9db6e8611fa&amp;smart=true&amp;width=420&amp;height=514&amp;quality=85\" media=\"(min-width: 350px)\" \/><source srcset=\"https:\/\/www.infobae.com\/resizer\/v2\/UL3MNVYIAZFBTIMCUEGCJFY2G4.png?auth=b2ef4203884bfc906a5737d544943dcc176433b44699dcf2ab25b9db6e8611fa&amp;smart=true&amp;width=350&amp;height=429&amp;quality=85\" media=\"(min-width: 80px)\" \/><img loading=\"lazy\" decoding=\"async\" class=\"global-image\" src=\"https:\/\/www.infobae.com\/resizer\/v2\/UL3MNVYIAZFBTIMCUEGCJFY2G4.png?auth=b2ef4203884bfc906a5737d544943dcc176433b44699dcf2ab25b9db6e8611fa&amp;smart=true&amp;width=350&amp;height=429&amp;quality=85\" alt=\"Pron\u00f3stico trimestral SMN\" width=\"1157\" height=\"1417\" \/><\/picture>Pron\u00f3stico trimestral del SMN: lluvias superiores a lo normal en el norte del Litoral, el oeste de Cuyo, La Pampa, sudoeste de Buenos Aires y el noreste de Patagonia<\/div>\n<h2 id=\"el-riesgo-hidrico-no-depende-solo-de-la-lluvia-local\" class=\"text-align-left vertical-align-top line-height-100 header headline-class-h2 headline\">El riesgo h\u00eddrico no depende solo de la lluvia local<\/h2>\n<p class=\"paragraph\" data-paragraph-number=\"12\" data-mrf-recirculation=\"Links inline\">El impacto de\u00a0<b>El Ni\u00f1o<\/b>\u00a0no se limita al lugar donde cae la precipitaci\u00f3n m\u00e1s intensa. En\u00a0<b>Argentina<\/b>, una parte central del problema est\u00e1 asociada a la respuesta de las grandes cuencas, en especial las de los r\u00edos\u00a0<b>Paran\u00e1<\/b>,\u00a0<b>Paraguay<\/b>\u00a0y\u00a0<b>Uruguay<\/b>, donde las lluvias en territorios aguas arriba pueden traducirse en crecidas, desbordes y anegamientos en zonas ribere\u00f1as varios d\u00edas o semanas despu\u00e9s.<\/p>\n<div class=\"ad_3 ad-wrapper dfpAd ad-1-al-6 ad-text ad-component-container\" data-ad-wrapper=\"arcad\" data-ad-type=\"ad_3\" data-ad-slot=\"infobae\/america\/ciencia-america\/nota\/ad_3\" data-ad-container=\"dfp\" data-ad-slot-name=\"infobae\/america\/ciencia-america\/nota\/ad_3\">\n<p class=\"ad-shell-label\">Ese punto aparece de manera reiterada en los informes t\u00e9cnicos sobre la campa\u00f1a 2026\/27. <b>El INTA advirti\u00f3 que estas cuencas y sus tributarios podr\u00edan presentar situaciones de riesgo<\/b>\u00a0para producciones y poblaciones rurales cercanas a los planos fluviales, debido al aumento del caudal y de la altura de los cursos de agua.<\/p>\n<\/div>\n<p class=\"paragraph\" data-paragraph-number=\"14\" data-mrf-recirculation=\"Links inline\"><b>Las crecidas de los r\u00edos Paran\u00e1 e Iguaz\u00fa pueden intensificarse\u00a0<\/b>a partir de lluvias excesivas en la cuenca alta. Eso ampl\u00eda el alcance del fen\u00f3meno: aun cuando una provincia no reciba el m\u00e1ximo acumulado local, puede verse afectada por la din\u00e1mica regional del agua, con consecuencias sobre puertos, rutas, caminos rurales, barrios bajos y \u00e1reas productivas.<\/p>\n<div class=\"ad_4 ad-wrapper dfpAd ad-1-al-6 ad-text ad-component-container\" data-ad-wrapper=\"arcad\" data-ad-type=\"ad_4\" data-ad-slot=\"infobae\/america\/ciencia-america\/nota\/ad_4\" data-ad-container=\"dfp\" data-ad-slot-name=\"infobae\/america\/ciencia-america\/nota\/ad_4\">\n<p class=\"ad-shell-label\"><span style=\"color: #111111; font-family: Roboto, sans-serif; font-size: 27px;\">La regi\u00f3n pampeana y Buenos Aires entran en una etapa de mayor vigilancia<\/span><\/p>\n<\/div>\n<p class=\"paragraph\" data-paragraph-number=\"15\" data-mrf-recirculation=\"Links inline\">Aunque la se\u00f1al m\u00e1s n\u00edtida se concentra en el noreste, los pron\u00f3sticos no excluyen a otras \u00e1reas. El escenario previsto para la primavera incluye<b>\u00a0lluvias entre normales y superiores a lo normal en sectores del centro-este del pa\u00eds<\/b>, junto con temperaturas por debajo de la media en parte del centro y del sur. En ese marco,\u00a0<b>Buenos Aires<\/b>,\u00a0<b>La Pampa<\/b>, el sudoeste bonaerense y zonas del centro del pa\u00eds aparecen bajo una vigilancia creciente.<\/p>\n<div class=\"visual__image\"><picture><source srcset=\"https:\/\/www.infobae.com\/resizer\/v2\/UBUWSEIBVZEWDOH3JZVLSJP7EI.png?auth=d17e876b6c3f8375215e5be19e5f74a13f43370f0275d788b0dbf64d1e485596&amp;smart=true&amp;width=992&amp;height=541&amp;quality=85\" media=\"(min-width: 1000px)\" \/><source srcset=\"https:\/\/www.infobae.com\/resizer\/v2\/UBUWSEIBVZEWDOH3JZVLSJP7EI.png?auth=d17e876b6c3f8375215e5be19e5f74a13f43370f0275d788b0dbf64d1e485596&amp;smart=true&amp;width=768&amp;height=419&amp;quality=85\" media=\"(min-width: 768px)\" \/><source srcset=\"https:\/\/www.infobae.com\/resizer\/v2\/UBUWSEIBVZEWDOH3JZVLSJP7EI.png?auth=d17e876b6c3f8375215e5be19e5f74a13f43370f0275d788b0dbf64d1e485596&amp;smart=true&amp;width=577&amp;height=315&amp;quality=85\" media=\"(min-width: 580px)\" \/><source srcset=\"https:\/\/www.infobae.com\/resizer\/v2\/UBUWSEIBVZEWDOH3JZVLSJP7EI.png?auth=d17e876b6c3f8375215e5be19e5f74a13f43370f0275d788b0dbf64d1e485596&amp;smart=true&amp;width=420&amp;height=229&amp;quality=85\" media=\"(min-width: 350px)\" \/><source srcset=\"https:\/\/www.infobae.com\/resizer\/v2\/UBUWSEIBVZEWDOH3JZVLSJP7EI.png?auth=d17e876b6c3f8375215e5be19e5f74a13f43370f0275d788b0dbf64d1e485596&amp;smart=true&amp;width=350&amp;height=191&amp;quality=85\" media=\"(min-width: 80px)\" \/><img loading=\"lazy\" decoding=\"async\" class=\"global-image\" src=\"https:\/\/www.infobae.com\/resizer\/v2\/UBUWSEIBVZEWDOH3JZVLSJP7EI.png?auth=d17e876b6c3f8375215e5be19e5f74a13f43370f0275d788b0dbf64d1e485596&amp;smart=true&amp;width=350&amp;height=191&amp;quality=85\" alt=\"Vasta llanura con hierba escasa bajo un cielo cubierto de densas nubes de tormenta de color gris oscuro, con un \u00e1rea de lluvia visible a lo lejos.\" width=\"1408\" height=\"768\" \/><\/picture>Buenos Aires, La Pampa y el centro-este del pa\u00eds entran en una etapa de vigilancia por lluvias frecuentes, tormentas intensas y suelos con menor capacidad de absorci\u00f3n (Imagen Ilustrativa Infobae)<\/div>\n<p class=\"paragraph\" data-paragraph-number=\"16\" data-mrf-recirculation=\"Links inline\">Para esas regiones, el problema no pasa solo por la posibilidad de lluvias frecuentes, sino por el estado previo de los suelos.<b>\u00a0Cuando los perfiles ya est\u00e1n cargados o las napas se mantienen altas,<\/b>\u00a0la capacidad de absorci\u00f3n disminuye y aumenta el riesgo de anegamientos ante nuevos eventos. En t\u00e9rminos urbanos, eso tambi\u00e9n implica mayor presi\u00f3n sobre desag\u00fces pluviales e infraestructura de drenaje.<\/p>\n<div class=\"ad_5 ad-wrapper dfpAd ad-1-al-6 ad-text ad-component-container\" data-ad-wrapper=\"arcad\" data-ad-type=\"ad_5\" data-ad-slot=\"infobae\/america\/ciencia-america\/nota\/ad_5\" data-ad-container=\"dfp\" data-ad-slot-name=\"infobae\/america\/ciencia-america\/nota\/ad_5\">\n<p class=\"ad-shell-label\">Los expertos en meteorolog\u00eda indican que la primavera ser\u00e1 la etapa clave para observar <b>c\u00f3mo evoluciona el fen\u00f3meno en el<\/b>\u00a0<b>AMBA<\/b>, donde la principal preocupaci\u00f3n pasa por lluvias m\u00e1s frecuentes, tormentas intensas y acumulados importantes en lapsos cortos.<\/p>\n<\/div>\n<p class=\"paragraph\" data-paragraph-number=\"18\" data-mrf-recirculation=\"Links inline\">Para el sector agropecuario,\u00a0<b>el INTA remarc\u00f3 que el impacto del fen\u00f3meno no es uniforme y depende de la regi\u00f3n,<\/b>\u00a0de la posici\u00f3n del lote y del momento del ciclo productivo. El organismo se\u00f1al\u00f3 que \u201c<b>los extremos de excesos h\u00eddricos se concentran sobre todo en determinadas zonas y cuencas<\/b>\u201d, mientras que otras \u00e1reas pueden atravesar a\u00f1os Ni\u00f1o con condiciones favorables e incluso excepcionales para la producci\u00f3n.<\/p>\n<div class=\"visual__image\"><picture><source srcset=\"https:\/\/www.infobae.com\/resizer\/v2\/POUJYP6DZBCXJEBQPLEUFBIB3U.png?auth=807f94cfcd5228b70e01c0e991f5f220f4723ef758b040b9bfcdae09225dbf41&amp;smart=true&amp;width=992&amp;height=554&amp;quality=85\" media=\"(min-width: 1000px)\" \/><source srcset=\"https:\/\/www.infobae.com\/resizer\/v2\/POUJYP6DZBCXJEBQPLEUFBIB3U.png?auth=807f94cfcd5228b70e01c0e991f5f220f4723ef758b040b9bfcdae09225dbf41&amp;smart=true&amp;width=768&amp;height=429&amp;quality=85\" media=\"(min-width: 768px)\" \/><source srcset=\"https:\/\/www.infobae.com\/resizer\/v2\/POUJYP6DZBCXJEBQPLEUFBIB3U.png?auth=807f94cfcd5228b70e01c0e991f5f220f4723ef758b040b9bfcdae09225dbf41&amp;smart=true&amp;width=577&amp;height=322&amp;quality=85\" media=\"(min-width: 580px)\" \/><source srcset=\"https:\/\/www.infobae.com\/resizer\/v2\/POUJYP6DZBCXJEBQPLEUFBIB3U.png?auth=807f94cfcd5228b70e01c0e991f5f220f4723ef758b040b9bfcdae09225dbf41&amp;smart=true&amp;width=420&amp;height=234&amp;quality=85\" media=\"(min-width: 350px)\" \/><source srcset=\"https:\/\/www.infobae.com\/resizer\/v2\/POUJYP6DZBCXJEBQPLEUFBIB3U.png?auth=807f94cfcd5228b70e01c0e991f5f220f4723ef758b040b9bfcdae09225dbf41&amp;smart=true&amp;width=350&amp;height=195&amp;quality=85\" media=\"(min-width: 80px)\" \/><img loading=\"lazy\" decoding=\"async\" class=\"global-image\" src=\"https:\/\/www.infobae.com\/resizer\/v2\/POUJYP6DZBCXJEBQPLEUFBIB3U.png?auth=807f94cfcd5228b70e01c0e991f5f220f4723ef758b040b9bfcdae09225dbf41&amp;smart=true&amp;width=350&amp;height=195&amp;quality=85\" alt=\"Agua turbia que fluye sobre una valla de madera e invade una calle de asfalto con \u00e1rboles y cables de luz al fondo.\" width=\"2752\" height=\"1536\" \/><\/picture>Jos\u00e9 Luis Stella se\u00f1al\u00f3 que los primeros efectos de El Ni\u00f1o ya se observaron en invierno con alteraciones atmosf\u00e9ricas y eventos extremos en el Cono Sur (Imagen Ilustrativa Infobae)<\/div>\n<h2 id=\"la-onu-alerto-que-el-fenomeno-de-el-nino-durara-hasta-febrero-y-sera-&quot;muy-fuerte&quot;\" class=\"text-align-left vertical-align-top line-height-100 header headline-class-h2 headline\">La ONU alert\u00f3 que el fen\u00f3meno de El Ni\u00f1o durar\u00e1 hasta febrero y ser\u00e1 \u201cmuy fuerte\u201d<\/h2>\n<p class=\"paragraph\" data-paragraph-number=\"19\" data-mrf-recirculation=\"Links inline\">\u201cEl fen\u00f3meno de El Ni\u00f1o se est\u00e1 volviendo gigantesco ante nuestros ojos\u201d, advirti\u00f3 ayer la\u00a0<b>Organizaci\u00f3n Meteorol\u00f3gica Mundial (OMM)<\/b>.<\/p>\n<p class=\"paragraph\" data-paragraph-number=\"20\" data-mrf-recirculation=\"Links inline\">El organismo remarc\u00f3 que \u201cla ciencia no deja lugar a dudas: el planeta se encuentra en aguas desconocidas, y esas aguas se est\u00e1n calentando\u201d y que el fen\u00f3meno de\u00a0<b>El Ni\u00f1o se intensificar\u00e1 durante los pr\u00f3ximos meses y alcanzar\u00e1 una magnitud muy fuerte<\/b>, con efectos que podr\u00edan extenderse hasta febrero de 2027 y repercusiones clim\u00e1ticas durante buena parte de ese a\u00f1o.<\/p>\n<p class=\"paragraph\" data-paragraph-number=\"21\" data-mrf-recirculation=\"Links inline\">El organismo se\u00f1al\u00f3 que existe una probabilidad \u201cextraordinariamente alta, cercana al 100%\u201d de que el actual episodio persista hasta febrero.<\/p>\n<p class=\"paragraph\" data-paragraph-number=\"22\" data-mrf-recirculation=\"Links inline\">El Ni\u00f1o eleva la temperatura de la superficie en el Pac\u00edfico ecuatorial central y oriental, con\u00a0<b>efectos sobre los vientos, la presi\u00f3n atmosf\u00e9rica y las lluvias en distintas regiones del mundo<\/b>.<\/p>\n<div class=\"visual__image\"><picture><source srcset=\"https:\/\/www.infobae.com\/resizer\/v2\/JKP2XEVBL5ADRGYR4A4G2EMO5I.jpeg?auth=309545b4ca1c218f7992dad453ed95f28be51b5fc7bf4851671ff6936f7625ee&amp;smart=true&amp;width=992&amp;height=567&amp;quality=85\" media=\"(min-width: 1000px)\" \/><source srcset=\"https:\/\/www.infobae.com\/resizer\/v2\/JKP2XEVBL5ADRGYR4A4G2EMO5I.jpeg?auth=309545b4ca1c218f7992dad453ed95f28be51b5fc7bf4851671ff6936f7625ee&amp;smart=true&amp;width=768&amp;height=439&amp;quality=85\" media=\"(min-width: 768px)\" \/><source srcset=\"https:\/\/www.infobae.com\/resizer\/v2\/JKP2XEVBL5ADRGYR4A4G2EMO5I.jpeg?auth=309545b4ca1c218f7992dad453ed95f28be51b5fc7bf4851671ff6936f7625ee&amp;smart=true&amp;width=577&amp;height=330&amp;quality=85\" media=\"(min-width: 580px)\" \/><source srcset=\"https:\/\/www.infobae.com\/resizer\/v2\/JKP2XEVBL5ADRGYR4A4G2EMO5I.jpeg?auth=309545b4ca1c218f7992dad453ed95f28be51b5fc7bf4851671ff6936f7625ee&amp;smart=true&amp;width=420&amp;height=240&amp;quality=85\" media=\"(min-width: 350px)\" \/><source srcset=\"https:\/\/www.infobae.com\/resizer\/v2\/JKP2XEVBL5ADRGYR4A4G2EMO5I.jpeg?auth=309545b4ca1c218f7992dad453ed95f28be51b5fc7bf4851671ff6936f7625ee&amp;smart=true&amp;width=350&amp;height=200&amp;quality=85\" media=\"(min-width: 80px)\" \/><img loading=\"lazy\" decoding=\"async\" class=\"global-image\" src=\"https:\/\/www.infobae.com\/resizer\/v2\/JKP2XEVBL5ADRGYR4A4G2EMO5I.jpeg?auth=309545b4ca1c218f7992dad453ed95f28be51b5fc7bf4851671ff6936f7625ee&amp;smart=true&amp;width=350&amp;height=200&amp;quality=85\" alt=\"El SMN inform\u00f3 que existe una probabilidad del 100% de que El Ni\u00f1o persista en el trimestre septiembre, octubre y noviembre de 2026  (NASA)\" width=\"1024\" height=\"585\" \/><\/picture>El SMN inform\u00f3 que existe una probabilidad del 100% de que El Ni\u00f1o persista en el trimestre septiembre, octubre y noviembre de 2026 (NASA)<\/div>\n<p class=\"paragraph\" data-paragraph-number=\"23\" data-mrf-recirculation=\"Links inline\">\u201cEl Ni\u00f1o est\u00e1 claramente establecido y se intensificar\u00e1 hasta convertirse en un fen\u00f3meno muy fuerte en los pr\u00f3ximos meses, con\u00a0<b>grandes impactos en los patrones de precipitaci\u00f3n y temperatura, y los riesgos asociados a inundaciones, sequ\u00edas y calor extremo<\/b>\u201d, afirm\u00f3 la agencia de la Organizaci\u00f3n de Naciones Unidas (ONU).<\/p>\n<h2 id=\"el-seguimiento-de-corto-plazo-sera-decisivo\" class=\"text-align-left vertical-align-top line-height-100 header headline-class-h2 headline\">El seguimiento de corto plazo ser\u00e1 decisivo<\/h2>\n<p class=\"paragraph\" data-paragraph-number=\"24\" data-mrf-recirculation=\"Links inline\">M\u00e1s all\u00e1 de las tendencias estacionales, el meteor\u00f3logo<b>\u00a0Stella insisti\u00f3 en que la clave en los pr\u00f3ximos meses estar\u00e1 en el monitoreo permanente.<\/b>\u00a0\u201cAhora lo importante es el monitoreo, el seguimiento de estos fen\u00f3menos, de posibles fen\u00f3menos m\u00e1s severos o m\u00e1s intensos que puedan ocurrir\u201d, afirm\u00f3.<\/p>\n<p class=\"paragraph\" data-paragraph-number=\"25\" data-mrf-recirculation=\"Links inline\">La advertencia apunta a una diferencia central entre pron\u00f3stico clim\u00e1tico y pron\u00f3stico operativo: el primero marca probabilidades para un trimestre; el segundo permite anticipar eventos concretos en escalas de d\u00edas o semanas.<\/p>\n<p class=\"paragraph\" data-paragraph-number=\"26\" data-mrf-recirculation=\"Links inline\">\u201cAhora lo crucial va a ser mantenerse informado con los pron\u00f3sticos de menor escala, ya sea una, dos semanas, un mes\u201d, enfatiz\u00f3 el climat\u00f3logo. En otras palabras, que exista una se\u00f1al robusta de\u00a0<b>El Ni\u00f1o<\/b>\u00a0no alcanza para definir por s\u00ed sola d\u00f3nde y cu\u00e1ndo ocurrir\u00e1 cada tormenta fuerte. Para eso, seguir\u00e1 siendo determinante la consulta de alertas tempranas, pron\u00f3sticos diarios y perspectivas semanales.<\/p>\n<div class=\"visual__image\"><picture><source srcset=\"https:\/\/www.infobae.com\/resizer\/v2\/5UOXVS6MP5GU7MR7K24NOQQXWM.png?auth=03b00abc7532e3fb6daea302588583f2f2832395583b8fd1b4ca0a3e232fab9e&amp;smart=true&amp;width=992&amp;height=541&amp;quality=85\" media=\"(min-width: 1000px)\" \/><source srcset=\"https:\/\/www.infobae.com\/resizer\/v2\/5UOXVS6MP5GU7MR7K24NOQQXWM.png?auth=03b00abc7532e3fb6daea302588583f2f2832395583b8fd1b4ca0a3e232fab9e&amp;smart=true&amp;width=768&amp;height=419&amp;quality=85\" media=\"(min-width: 768px)\" \/><source srcset=\"https:\/\/www.infobae.com\/resizer\/v2\/5UOXVS6MP5GU7MR7K24NOQQXWM.png?auth=03b00abc7532e3fb6daea302588583f2f2832395583b8fd1b4ca0a3e232fab9e&amp;smart=true&amp;width=577&amp;height=315&amp;quality=85\" media=\"(min-width: 580px)\" \/><source srcset=\"https:\/\/www.infobae.com\/resizer\/v2\/5UOXVS6MP5GU7MR7K24NOQQXWM.png?auth=03b00abc7532e3fb6daea302588583f2f2832395583b8fd1b4ca0a3e232fab9e&amp;smart=true&amp;width=420&amp;height=229&amp;quality=85\" media=\"(min-width: 350px)\" \/><source srcset=\"https:\/\/www.infobae.com\/resizer\/v2\/5UOXVS6MP5GU7MR7K24NOQQXWM.png?auth=03b00abc7532e3fb6daea302588583f2f2832395583b8fd1b4ca0a3e232fab9e&amp;smart=true&amp;width=350&amp;height=191&amp;quality=85\" media=\"(min-width: 80px)\" \/><img loading=\"lazy\" decoding=\"async\" class=\"global-image\" src=\"https:\/\/www.infobae.com\/resizer\/v2\/5UOXVS6MP5GU7MR7K24NOQQXWM.png?auth=03b00abc7532e3fb6daea302588583f2f2832395583b8fd1b4ca0a3e232fab9e&amp;smart=true&amp;width=350&amp;height=191&amp;quality=85\" alt=\"Vista de la Avenida 9 de Julio en Buenos Aires bajo lluvia, con el Obelisco, coches en movimiento, \u00e1rboles, edificios y charcos que reflejan las luces del tr\u00e1fico.\" width=\"1408\" height=\"768\" \/><\/picture>Los primeros efectos de El Ni\u00f1o en Argentina aparecieron en invierno con alteraciones en la circulaci\u00f3n atmosf\u00e9rica y eventos extremos en el Cono Sur (Imagen Ilustrativa Infobae)<\/div>\n<p class=\"paragraph\" data-paragraph-number=\"27\" data-mrf-recirculation=\"Links inline\">El propio\u00a0<b>SMN<\/b>\u00a0viene subrayando que sus pron\u00f3sticos trimestrales no indican un valor exacto de lluvia o temperatura para cada localidad, sino una tendencia de probabilidad. Esa aclaraci\u00f3n es central en una etapa en la que el pa\u00eds ingresa en los meses de mayor sensibilidad del fen\u00f3meno.<\/p>\n<p class=\"paragraph\" data-paragraph-number=\"28\" data-mrf-recirculation=\"Links inline\">Con el episodio ya consolidado y con una\u00a0<b>probabilidad del 100% de persistencia durante septiembre, octubre y noviembre<\/b>, el panorama para\u00a0<b>Argentina<\/b>\u00a0combina una certeza y una inc\u00f3gnita. La certeza es que aumentan las probabilidades de lluvias abundantes, excesos h\u00eddricos y presi\u00f3n sobre cuencas y zonas vulnerables.<\/p>\n<p class=\"paragraph\" data-paragraph-number=\"29\" data-mrf-recirculation=\"Links inline\">La inc\u00f3gnita ser\u00e1 la distribuci\u00f3n concreta de esos eventos y la capacidad de anticipaci\u00f3n de cada regi\u00f3n frente a una primavera y un verano que se perfilan bajo la influencia plena de\u00a0<b>El Ni\u00f1o<\/b>.<\/p>\n<p data-paragraph-number=\"29\" data-mrf-recirculation=\"Links inline\">www.infobae.com<\/p>\n<\/div>\n<\/article>\n","protected":false},"excerpt":{"rendered":"<p>Por: V\u00edctor Ingrassia\u00a0 &#8211; &#8211; Especialistas confirmaron que la fase c\u00e1lida del Pac\u00edfico mantendr\u00e1 una intensidad elevada hasta febrero. Las regiones que presentan m\u00e1s vulnerabilidad ante las precipitaciones abundantes El Ni\u00f1o seguir\u00e1 activo en Argentina durante la primavera, con lluvias por encima de lo normal en el Litoral y riesgo de crecidas (Imagen Ilustrativa Infobae) [&hellip;]<\/p>\n","protected":false},"author":4,"featured_media":160574,"comment_status":"closed","ping_status":"closed","sticky":false,"template":"","format":"standard","meta":{"footnotes":""},"categories":[4],"tags":[],"class_list":["post-160572","post","type-post","status-publish","format-standard","has-post-thumbnail","category-nacionales"],"_links":{"self":[{"href":"https:\/\/revistaesperanzas.com\/web\/wp-json\/wp\/v2\/posts\/160572","targetHints":{"allow":["GET"]}}],"collection":[{"href":"https:\/\/revistaesperanzas.com\/web\/wp-json\/wp\/v2\/posts"}],"about":[{"href":"https:\/\/revistaesperanzas.com\/web\/wp-json\/wp\/v2\/types\/post"}],"author":[{"embeddable":true,"href":"https:\/\/revistaesperanzas.com\/web\/wp-json\/wp\/v2\/users\/4"}],"replies":[{"embeddable":true,"href":"https:\/\/revistaesperanzas.com\/web\/wp-json\/wp\/v2\/comments?post=160572"}],"version-history":[{"count":1,"href":"https:\/\/revistaesperanzas.com\/web\/wp-json\/wp\/v2\/posts\/160572\/revisions"}],"predecessor-version":[{"id":160575,"href":"https:\/\/revistaesperanzas.com\/web\/wp-json\/wp\/v2\/posts\/160572\/revisions\/160575"}],"wp:featuredmedia":[{"embeddable":true,"href":"https:\/\/revistaesperanzas.com\/web\/wp-json\/wp\/v2\/media\/160574"}],"wp:attachment":[{"href":"https:\/\/revistaesperanzas.com\/web\/wp-json\/wp\/v2\/media?parent=160572"}],"wp:term":[{"taxonomy":"category","embeddable":true,"href":"https:\/\/revistaesperanzas.com\/web\/wp-json\/wp\/v2\/categories?post=160572"},{"taxonomy":"post_tag","embeddable":true,"href":"https:\/\/revistaesperanzas.com\/web\/wp-json\/wp\/v2\/tags?post=160572"}],"curies":[{"name":"wp","href":"https:\/\/api.w.org\/{rel}","templated":true}]}}