{"id":160576,"date":"2026-09-04T08:42:11","date_gmt":"2026-09-04T11:42:11","guid":{"rendered":"https:\/\/revistaesperanzas.com\/web\/?p=160576"},"modified":"2026-09-04T08:42:12","modified_gmt":"2026-09-04T11:42:12","slug":"barrio-arazaty-en-la-lucha-contra-el-narcomenudeo-secuestran-cocaina-marihuana-y-detienen-a-dos-personas","status":"publish","type":"post","link":"https:\/\/revistaesperanzas.com\/web\/2026\/09\/barrio-arazaty-en-la-lucha-contra-el-narcomenudeo-secuestran-cocaina-marihuana-y-detienen-a-dos-personas\/","title":{"rendered":"BARRIO ARAZATY: EN LA LUCHA CONTRA EL NARCOMENUDEO SECUESTRAN COCA\u00cdNA, MARIHUANA Y DETIENEN A DOS PERSONAS"},"content":{"rendered":"<p>En la jornada de ayer 03-09-26, efectivos policiales de la Direcci\u00f3n General de Drogas Peligrosas y Crimen Organizado junto a sus pares de la Divisi\u00f3n Polic\u00eda Alto Riesgo -P.A.R.-, en el marco de un legajo judicial en curso por supuesta infracci\u00f3n a la Ley N\u00ba<\/p>\n<div style=\"width: 576px;\" class=\"wp-video\"><video class=\"wp-video-shortcode\" id=\"video-160576-1\" width=\"576\" height=\"1024\" preload=\"metadata\" controls=\"controls\"><source type=\"video\/mp4\" src=\"https:\/\/revistaesperanzas.com\/web\/wp-content\/uploads\/2026\/09\/WhatsApp-Video-2026-09-04-at-06.11.24.mp4?_=1\" \/><a href=\"https:\/\/revistaesperanzas.com\/web\/wp-content\/uploads\/2026\/09\/WhatsApp-Video-2026-09-04-at-06.11.24.mp4\">https:\/\/revistaesperanzas.com\/web\/wp-content\/uploads\/2026\/09\/WhatsApp-Video-2026-09-04-at-06.11.24.mp4<\/a><\/video><\/div>\n<p>23.737, tras diversas labores de investigaci\u00f3n, diligenciaron una orden de allanamiento en un punto de ventas en el barrio Arazaty, donde secuestraron varias cosas, entre ellas, estupefacientes y aprehendieron a dos personas.<\/p>\n<p>El oficio judicial fue diligenciado en una vivienda ubicada por calle Suipacha, donde bajo<a href=\"https:\/\/revistaesperanzas.com\/web\/2026\/09\/barrio-arazaty-en-la-lucha-contra-el-narcomenudeo-secuestran-cocaina-marihuana-y-detienen-a-dos-personas\/whatsapp-image-2026-09-04-at-08-21-05\/\" rel=\"attachment wp-att-160577\"><img loading=\"lazy\" decoding=\"async\" class=\" wp-image-160577 alignright\" src=\"https:\/\/revistaesperanzas.com\/web\/wp-content\/uploads\/2026\/09\/WhatsApp-Image-2026-09-04-at-08.21.05.jpeg\" alt=\"\" width=\"400\" height=\"533\" srcset=\"https:\/\/revistaesperanzas.com\/web\/wp-content\/uploads\/2026\/09\/WhatsApp-Image-2026-09-04-at-08.21.05.jpeg 500w, https:\/\/revistaesperanzas.com\/web\/wp-content\/uploads\/2026\/09\/WhatsApp-Image-2026-09-04-at-08.21.05-315x420.jpeg 315w\" sizes=\"auto, (max-width: 400px) 100vw, 400px\" \/><\/a> las formalidades legales procedieron al secuestro de un tel\u00e9fono celular, recortes varios, tijeras, dinero en efectivo, sustancia blanquecina -piedras y envoltorios- las cuales, tras el correspondiente narco test arrojaron resultados positivos para clorhidrato de coca\u00edna, adem\u00e1s, tambi\u00e9n hallaron una planta vegetal y luego del test orientativo, resulto positiva para cannabis sativa \u2013 marihuana y una moto honda wave de orugen dudoso.<\/p>\n<p>En este contexto, fueron aprehendidas dos personas mayores de edad -una mujer y un hombre-, quienes estar\u00edan presuntamente vinculado al hecho que se investiga.<\/p>\n<p>Al respecto, los aprehendidos y lo secuestrado fueron puestos a disposici\u00f3n de la justicia y trasladados a la citada dependencia, donde se prosiguieron con los tr\u00e1mites de rigor.<\/p>\n","protected":false},"excerpt":{"rendered":"<p>En la jornada de ayer 03-09-26, efectivos policiales de la Direcci\u00f3n General de Drogas Peligrosas y Crimen Organizado junto a sus pares de la Divisi\u00f3n Polic\u00eda Alto Riesgo -P.A.R.-, en el marco de un legajo judicial en curso por supuesta infracci\u00f3n a la Ley N\u00ba 23.737, tras diversas labores de investigaci\u00f3n, diligenciaron una orden de [&hellip;]<\/p>\n","protected":false},"author":4,"featured_media":160578,"comment_status":"closed","ping_status":"closed","sticky":false,"template":"","format":"standard","meta":{"footnotes":""},"categories":[58],"tags":[],"class_list":["post-160576","post","type-post","status-publish","format-standard","has-post-thumbnail","category-corrientes"],"_links":{"self":[{"href":"https:\/\/revistaesperanzas.com\/web\/wp-json\/wp\/v2\/posts\/160576","targetHints":{"allow":["GET"]}}],"collection":[{"href":"https:\/\/revistaesperanzas.com\/web\/wp-json\/wp\/v2\/posts"}],"about":[{"href":"https:\/\/revistaesperanzas.com\/web\/wp-json\/wp\/v2\/types\/post"}],"author":[{"embeddable":true,"href":"https:\/\/revistaesperanzas.com\/web\/wp-json\/wp\/v2\/users\/4"}],"replies":[{"embeddable":true,"href":"https:\/\/revistaesperanzas.com\/web\/wp-json\/wp\/v2\/comments?post=160576"}],"version-history":[{"count":2,"href":"https:\/\/revistaesperanzas.com\/web\/wp-json\/wp\/v2\/posts\/160576\/revisions"}],"predecessor-version":[{"id":160581,"href":"https:\/\/revistaesperanzas.com\/web\/wp-json\/wp\/v2\/posts\/160576\/revisions\/160581"}],"wp:featuredmedia":[{"embeddable":true,"href":"https:\/\/revistaesperanzas.com\/web\/wp-json\/wp\/v2\/media\/160578"}],"wp:attachment":[{"href":"https:\/\/revistaesperanzas.com\/web\/wp-json\/wp\/v2\/media?parent=160576"}],"wp:term":[{"taxonomy":"category","embeddable":true,"href":"https:\/\/revistaesperanzas.com\/web\/wp-json\/wp\/v2\/categories?post=160576"},{"taxonomy":"post_tag","embeddable":true,"href":"https:\/\/revistaesperanzas.com\/web\/wp-json\/wp\/v2\/tags?post=160576"}],"curies":[{"name":"wp","href":"https:\/\/api.w.org\/{rel}","templated":true}]}}