{"id":160596,"date":"2026-09-04T20:28:56","date_gmt":"2026-09-04T23:28:56","guid":{"rendered":"https:\/\/revistaesperanzas.com\/web\/?p=160596"},"modified":"2026-09-04T20:28:57","modified_gmt":"2026-09-04T23:28:57","slug":"importante-operativo-nocturno-de-prevencion-en-jurisdiccion-de-la-comisaria-quinta-de-goya","status":"publish","type":"post","link":"https:\/\/revistaesperanzas.com\/web\/2026\/09\/importante-operativo-nocturno-de-prevencion-en-jurisdiccion-de-la-comisaria-quinta-de-goya\/","title":{"rendered":"IMPORTANTE OPERATIVO NOCTURNO DE PREVENCI\u00d3N EN JURISDICCI\u00d3N DE LA COMISAR\u00cdA QUINTA DE GOYA"},"content":{"rendered":"<p class=\"x_MsoNormal\">Durante la madrugada, la Polic\u00eda de Corrientes, a trav\u00e9s de la Unidad Regional II, llev\u00f3 adelante un amplio operativo nocturno integral en jurisdicci\u00f3n de la Comisar\u00eda Seccional Quinta de Goya.<a href=\"https:\/\/revistaesperanzas.com\/web\/2026\/09\/importante-operativo-nocturno-de-prevencion-en-jurisdiccion-de-la-comisaria-quinta-de-goya\/operativo-policial-2\/\" rel=\"attachment wp-att-160598\"><img loading=\"lazy\" decoding=\"async\" class=\"alignnone  wp-image-160598\" src=\"https:\/\/revistaesperanzas.com\/web\/wp-content\/uploads\/2026\/09\/OPERATIVO-POLICIAL-2.jpeg\" alt=\"\" width=\"700\" height=\"490\" srcset=\"https:\/\/revistaesperanzas.com\/web\/wp-content\/uploads\/2026\/09\/OPERATIVO-POLICIAL-2.jpeg 600w, https:\/\/revistaesperanzas.com\/web\/wp-content\/uploads\/2026\/09\/OPERATIVO-POLICIAL-2-100x70.jpeg 100w\" sizes=\"auto, (max-width: 700px) 100vw, 700px\" \/><\/a><\/p>\n<p class=\"x_MsoNormal\">El dispositivo tuvo como finalidad reforzar la prevenci\u00f3n del delito, el control y la presencia policial en distintos sectores de la jurisdicci\u00f3n. Para ello se dispuso un importante despliegue de recursos humanos y log\u00edsticos, con la participaci\u00f3n de 36 efectivos y 9 m\u00f3viles policiales.<\/p>\n<p class=\"x_MsoNormal\">Como resultado del operativo, que se extendi\u00f3 hasta las 04.30 horas de la madrugada, donde fueron demoradas 20 personas y se procedi\u00f3 al secuestro preventivo de 22 motocicletas, quedando las actuaciones correspondientes a disposici\u00f3n de las autoridades competentes.<a href=\"https:\/\/revistaesperanzas.com\/web\/2026\/09\/importante-operativo-nocturno-de-prevencion-en-jurisdiccion-de-la-comisaria-quinta-de-goya\/operativo-policial-1-1\/\" rel=\"attachment wp-att-160600\"><img loading=\"lazy\" decoding=\"async\" class=\"alignnone  wp-image-160600\" src=\"https:\/\/revistaesperanzas.com\/web\/wp-content\/uploads\/2026\/09\/OPERATIVO-POLICIAL-1-1.jpeg\" alt=\"\" width=\"682\" height=\"489\" srcset=\"https:\/\/revistaesperanzas.com\/web\/wp-content\/uploads\/2026\/09\/OPERATIVO-POLICIAL-1-1.jpeg 600w, https:\/\/revistaesperanzas.com\/web\/wp-content\/uploads\/2026\/09\/OPERATIVO-POLICIAL-1-1-586x420.jpeg 586w\" sizes=\"auto, (max-width: 682px) 100vw, 682px\" \/><\/a><\/p>\n<p class=\"x_MsoNormal\">Desde la Unidad Regional II se destac\u00f3 la importancia de estos dispositivos, que permiten fortalecer la prevenci\u00f3n y brindar una mayor presencia policial en los distintos barrios de la ciudad.<\/p>\n","protected":false},"excerpt":{"rendered":"<p>Durante la madrugada, la Polic\u00eda de Corrientes, a trav\u00e9s de la Unidad Regional II, llev\u00f3 adelante un amplio operativo nocturno integral en jurisdicci\u00f3n de la Comisar\u00eda Seccional Quinta de Goya. El dispositivo tuvo como finalidad reforzar la prevenci\u00f3n del delito, el control y la presencia policial en distintos sectores de la jurisdicci\u00f3n. Para ello se [&hellip;]<\/p>\n","protected":false},"author":4,"featured_media":160597,"comment_status":"closed","ping_status":"closed","sticky":false,"template":"","format":"standard","meta":{"footnotes":""},"categories":[45],"tags":[],"class_list":["post-160596","post","type-post","status-publish","format-standard","has-post-thumbnail","category-locales"],"_links":{"self":[{"href":"https:\/\/revistaesperanzas.com\/web\/wp-json\/wp\/v2\/posts\/160596","targetHints":{"allow":["GET"]}}],"collection":[{"href":"https:\/\/revistaesperanzas.com\/web\/wp-json\/wp\/v2\/posts"}],"about":[{"href":"https:\/\/revistaesperanzas.com\/web\/wp-json\/wp\/v2\/types\/post"}],"author":[{"embeddable":true,"href":"https:\/\/revistaesperanzas.com\/web\/wp-json\/wp\/v2\/users\/4"}],"replies":[{"embeddable":true,"href":"https:\/\/revistaesperanzas.com\/web\/wp-json\/wp\/v2\/comments?post=160596"}],"version-history":[{"count":2,"href":"https:\/\/revistaesperanzas.com\/web\/wp-json\/wp\/v2\/posts\/160596\/revisions"}],"predecessor-version":[{"id":160602,"href":"https:\/\/revistaesperanzas.com\/web\/wp-json\/wp\/v2\/posts\/160596\/revisions\/160602"}],"wp:featuredmedia":[{"embeddable":true,"href":"https:\/\/revistaesperanzas.com\/web\/wp-json\/wp\/v2\/media\/160597"}],"wp:attachment":[{"href":"https:\/\/revistaesperanzas.com\/web\/wp-json\/wp\/v2\/media?parent=160596"}],"wp:term":[{"taxonomy":"category","embeddable":true,"href":"https:\/\/revistaesperanzas.com\/web\/wp-json\/wp\/v2\/categories?post=160596"},{"taxonomy":"post_tag","embeddable":true,"href":"https:\/\/revistaesperanzas.com\/web\/wp-json\/wp\/v2\/tags?post=160596"}],"curies":[{"name":"wp","href":"https:\/\/api.w.org\/{rel}","templated":true}]}}