{"id":160603,"date":"2026-09-04T20:35:20","date_gmt":"2026-09-04T23:35:20","guid":{"rendered":"https:\/\/revistaesperanzas.com\/web\/?p=160603"},"modified":"2026-09-04T20:35:20","modified_gmt":"2026-09-04T23:35:20","slug":"paso-de-los-libres-tras-una-intensa-tarea-de-investigacion-la-policia-recupero-varias-cosas-sustraidas-del-interior-de-una-vivienda","status":"publish","type":"post","link":"https:\/\/revistaesperanzas.com\/web\/2026\/09\/paso-de-los-libres-tras-una-intensa-tarea-de-investigacion-la-policia-recupero-varias-cosas-sustraidas-del-interior-de-una-vivienda\/","title":{"rendered":"PASO DE LOS LIBRES: TRAS UNA INTENSA TAREA DE INVESTIGACI\u00d3N, LA POLIC\u00cdA RECUPER\u00d3 VARIAS COSAS SUSTRAIDAS DEL INTERIOR DE UNA VIVIENDA"},"content":{"rendered":"<p>Efectivos policiales de la Comisar\u00eda de Distrito Primera de Paso de los Libres, en colaboraci\u00f3n de la unidad fiscal interviniente, tras un r\u00e1pido e intenso trabajo investigativo, lograron recuperar diversos elementos que hab\u00edan sido sustra\u00eddos del interior de un domicilio de esa ciudad.<\/p>\n<p>El hecho se registr\u00f3 en un inmueble ubicado por calle Ing. Issler al 700, donde personas desconocidas habr\u00edan ingresado al patio de la vivienda y sustra\u00eddo distintos elementos, entre los que se encuentran resortes, discos de freno, un el\u00e1stico, m\u00faltiples de escape, un portamangueta y un engranaje, trat\u00e1ndose de distintas partes de autom\u00f3viles.<\/p>\n<p>A partir de la denuncia, personal policial inici\u00f3 las tareas investigativas correspondientes, realizando un exhaustivo an\u00e1lisis de im\u00e1genes de seguridad. Este trabajo permiti\u00f3 identificar al presunto autor del hecho y avanzar con las diligencias tendientes a localizar los elementos sustra\u00eddos.<\/p>\n<p>En el marco de las averiguaciones realizadas, los investigadores obtuvieron informaci\u00f3n que permiti\u00f3 establecer que los elementos habr\u00edan sido comercializados en un local dedicado a la compra y venta de metales. Ante lo cual se dirigen al lugar donde su propietario hizo entrega voluntaria de los elementos, los cuales fueron formalmente secuestrados y puestos a disposici\u00f3n de la autoridad judicial interviniente.<\/p>\n<p>Al respecto, en la citada dependencia policial se prosigue con los tramites del caso.<\/p>\n","protected":false},"excerpt":{"rendered":"<p>Efectivos policiales de la Comisar\u00eda de Distrito Primera de Paso de los Libres, en colaboraci\u00f3n de la unidad fiscal interviniente, tras un r\u00e1pido e intenso trabajo investigativo, lograron recuperar diversos elementos que hab\u00edan sido sustra\u00eddos del interior de un domicilio de esa ciudad. El hecho se registr\u00f3 en un inmueble ubicado por calle Ing. Issler [&hellip;]<\/p>\n","protected":false},"author":4,"featured_media":160604,"comment_status":"closed","ping_status":"closed","sticky":false,"template":"","format":"standard","meta":{"footnotes":""},"categories":[58],"tags":[],"class_list":["post-160603","post","type-post","status-publish","format-standard","has-post-thumbnail","category-corrientes"],"_links":{"self":[{"href":"https:\/\/revistaesperanzas.com\/web\/wp-json\/wp\/v2\/posts\/160603","targetHints":{"allow":["GET"]}}],"collection":[{"href":"https:\/\/revistaesperanzas.com\/web\/wp-json\/wp\/v2\/posts"}],"about":[{"href":"https:\/\/revistaesperanzas.com\/web\/wp-json\/wp\/v2\/types\/post"}],"author":[{"embeddable":true,"href":"https:\/\/revistaesperanzas.com\/web\/wp-json\/wp\/v2\/users\/4"}],"replies":[{"embeddable":true,"href":"https:\/\/revistaesperanzas.com\/web\/wp-json\/wp\/v2\/comments?post=160603"}],"version-history":[{"count":1,"href":"https:\/\/revistaesperanzas.com\/web\/wp-json\/wp\/v2\/posts\/160603\/revisions"}],"predecessor-version":[{"id":160605,"href":"https:\/\/revistaesperanzas.com\/web\/wp-json\/wp\/v2\/posts\/160603\/revisions\/160605"}],"wp:featuredmedia":[{"embeddable":true,"href":"https:\/\/revistaesperanzas.com\/web\/wp-json\/wp\/v2\/media\/160604"}],"wp:attachment":[{"href":"https:\/\/revistaesperanzas.com\/web\/wp-json\/wp\/v2\/media?parent=160603"}],"wp:term":[{"taxonomy":"category","embeddable":true,"href":"https:\/\/revistaesperanzas.com\/web\/wp-json\/wp\/v2\/categories?post=160603"},{"taxonomy":"post_tag","embeddable":true,"href":"https:\/\/revistaesperanzas.com\/web\/wp-json\/wp\/v2\/tags?post=160603"}],"curies":[{"name":"wp","href":"https:\/\/api.w.org\/{rel}","templated":true}]}}