{"id":160606,"date":"2026-09-04T20:40:21","date_gmt":"2026-09-04T23:40:21","guid":{"rendered":"https:\/\/revistaesperanzas.com\/web\/?p=160606"},"modified":"2026-09-04T20:40:21","modified_gmt":"2026-09-04T23:40:21","slug":"curuzu-cuatia-en-allanamiento-realizado-por-la-policia-de-corrientes-secuestran-bochitas-de-cocaina-dinero-en-efectivo-telefonos-celulares-una-motocicleta-y-detienen-a-una-persona","status":"publish","type":"post","link":"https:\/\/revistaesperanzas.com\/web\/2026\/09\/curuzu-cuatia-en-allanamiento-realizado-por-la-policia-de-corrientes-secuestran-bochitas-de-cocaina-dinero-en-efectivo-telefonos-celulares-una-motocicleta-y-detienen-a-una-persona\/","title":{"rendered":"CURUZU CUATIA: EN ALLANAMIENTO REALIZADO POR LA POLICIA DE CORRIENTES, SECUESTRAN BOCHITAS DE COCA\u00cdNA, DINERO EN EFECTIVO, TEL\u00c9FONOS CELULARES, UNA MOTOCICLETA Y DETIENEN A UNA PERSONA"},"content":{"rendered":"<p>En horas de la noche de ayer 03-09-26, efectivos policiales de la Divisi\u00f3n de Investigaciones de Curuz\u00fa Cuati\u00e1, con la colaboraci\u00f3n del Grupo T\u00e1ctico Operacional (G.T.O.) y personal de la Divisi\u00f3n Canes, diligenciaron una orden de allanamiento que permiti\u00f3 secuestrar coca\u00edna, dinero en efectivo y otros elementos de inter\u00e9s para la investigaci\u00f3n.<a href=\"https:\/\/revistaesperanzas.com\/web\/2026\/09\/curuzu-cuatia-en-allanamiento-realizado-por-la-policia-de-corrientes-secuestran-bochitas-de-cocaina-dinero-en-efectivo-telefonos-celulares-una-motocicleta-y-detienen-a-una-persona\/whatsapp-image-2026-09-04-at-11-47-48\/\" rel=\"attachment wp-att-160608\"><img loading=\"lazy\" decoding=\"async\" class=\" wp-image-160608 alignleft\" src=\"https:\/\/revistaesperanzas.com\/web\/wp-content\/uploads\/2026\/09\/WhatsApp-Image-2026-09-04-at-11.47.48.jpeg\" alt=\"\" width=\"444\" height=\"591\" srcset=\"https:\/\/revistaesperanzas.com\/web\/wp-content\/uploads\/2026\/09\/WhatsApp-Image-2026-09-04-at-11.47.48.jpeg 500w, https:\/\/revistaesperanzas.com\/web\/wp-content\/uploads\/2026\/09\/WhatsApp-Image-2026-09-04-at-11.47.48-315x420.jpeg 315w\" sizes=\"auto, (max-width: 444px) 100vw, 444px\" \/><\/a><\/p>\n<p>El procedimiento se concret\u00f3, en un domicilio ubicado en inmediaciones de avenida Laprida e intersecci\u00f3n con calle Isabel la Cat\u00f3lica de esa ciudad, en el marco de una investigaci\u00f3n vinculada al narcomenudeo, durante el allanamiento, los efectivos hallaron y secuestraron envoltorios de una sustancia blanquecina, que sometida al correspondiente test orientativo de campo arroj\u00f3 resultado positivo para coca\u00edna, adem\u00e1s de una importante suma de dinero en efectivo, una motocicleta -marca Honda Wave-, tres tel\u00e9fonos celulares y otros elementos de inter\u00e9s para la causa.<\/p>\n<p>Como resultado del procedimiento, se procedi\u00f3 adem\u00e1s a la aprehensi\u00f3n de un hombre mayor de edad, quien fue trasladado a la citada dependencia policial, en tanto, en la citada dependencia policial se prosigue con los tramites del caso.<\/p>\n","protected":false},"excerpt":{"rendered":"<p>En horas de la noche de ayer 03-09-26, efectivos policiales de la Divisi\u00f3n de Investigaciones de Curuz\u00fa Cuati\u00e1, con la colaboraci\u00f3n del Grupo T\u00e1ctico Operacional (G.T.O.) y personal de la Divisi\u00f3n Canes, diligenciaron una orden de allanamiento que permiti\u00f3 secuestrar coca\u00edna, dinero en efectivo y otros elementos de inter\u00e9s para la investigaci\u00f3n. El procedimiento se [&hellip;]<\/p>\n","protected":false},"author":4,"featured_media":160607,"comment_status":"closed","ping_status":"closed","sticky":false,"template":"","format":"standard","meta":{"footnotes":""},"categories":[58],"tags":[],"class_list":["post-160606","post","type-post","status-publish","format-standard","has-post-thumbnail","category-corrientes"],"_links":{"self":[{"href":"https:\/\/revistaesperanzas.com\/web\/wp-json\/wp\/v2\/posts\/160606","targetHints":{"allow":["GET"]}}],"collection":[{"href":"https:\/\/revistaesperanzas.com\/web\/wp-json\/wp\/v2\/posts"}],"about":[{"href":"https:\/\/revistaesperanzas.com\/web\/wp-json\/wp\/v2\/types\/post"}],"author":[{"embeddable":true,"href":"https:\/\/revistaesperanzas.com\/web\/wp-json\/wp\/v2\/users\/4"}],"replies":[{"embeddable":true,"href":"https:\/\/revistaesperanzas.com\/web\/wp-json\/wp\/v2\/comments?post=160606"}],"version-history":[{"count":2,"href":"https:\/\/revistaesperanzas.com\/web\/wp-json\/wp\/v2\/posts\/160606\/revisions"}],"predecessor-version":[{"id":160610,"href":"https:\/\/revistaesperanzas.com\/web\/wp-json\/wp\/v2\/posts\/160606\/revisions\/160610"}],"wp:featuredmedia":[{"embeddable":true,"href":"https:\/\/revistaesperanzas.com\/web\/wp-json\/wp\/v2\/media\/160607"}],"wp:attachment":[{"href":"https:\/\/revistaesperanzas.com\/web\/wp-json\/wp\/v2\/media?parent=160606"}],"wp:term":[{"taxonomy":"category","embeddable":true,"href":"https:\/\/revistaesperanzas.com\/web\/wp-json\/wp\/v2\/categories?post=160606"},{"taxonomy":"post_tag","embeddable":true,"href":"https:\/\/revistaesperanzas.com\/web\/wp-json\/wp\/v2\/tags?post=160606"}],"curies":[{"name":"wp","href":"https:\/\/api.w.org\/{rel}","templated":true}]}}