{"id":160611,"date":"2026-09-04T20:44:24","date_gmt":"2026-09-04T23:44:24","guid":{"rendered":"https:\/\/revistaesperanzas.com\/web\/?p=160611"},"modified":"2026-09-04T20:44:24","modified_gmt":"2026-09-04T23:44:24","slug":"paso-de-los-libres-detienen-a-una-persona-y-secuestran-una-reja-metalica-de-un-local-comercial-que-fuera-recientemente-robada","status":"publish","type":"post","link":"https:\/\/revistaesperanzas.com\/web\/2026\/09\/paso-de-los-libres-detienen-a-una-persona-y-secuestran-una-reja-metalica-de-un-local-comercial-que-fuera-recientemente-robada\/","title":{"rendered":"PASO DE LOS LIBRES: DETIENEN A UNA PERSONA Y SECUESTRAN UNA REJA METALICA DE UN LOCAL COMERCIAL QUE FUERA RECIENTEMENTE ROBADA"},"content":{"rendered":"<p>En la jornada de ayer 03-09-26, efectivos policiales de la Comisar\u00eda de Distrito Primera de Paso de los Libres, tras tomar conocimiento de un hecho delictivo, en un eficaz accionar, lograron hallar y recuperar una reja met\u00e1lica de un local comercial recientemente sustra\u00eddo y aprehendieron al presunto autor del hecho.<\/p>\n<p>El procedimiento lo realizaron luego de tomar conocimiento de la sustracci\u00f3n de una reja que se encontraba en un local comercial de esa ciudad, por ello, ante tal circunstancia y de forma inmediata los polic\u00edas iniciaron un intenso trabajo de investigaci\u00f3n, logrando de esta manera a los pocos minutos hallar y recuperar la reja met\u00e1lica recientemente sustra\u00edda, as\u00ed mismo procedieron a la aprehensi\u00f3n del presunto autor del hecho, un hombre mayor de edad.<\/p>\n<p>El hombre y lo recuperado fueron puestos a disposici\u00f3n de la autoridad fiscal en turno, siendo trasladados a la citada dependencia policial, donde se prosigue con los tr\u00e1mites que corresponden.<\/p>\n","protected":false},"excerpt":{"rendered":"<p>En la jornada de ayer 03-09-26, efectivos policiales de la Comisar\u00eda de Distrito Primera de Paso de los Libres, tras tomar conocimiento de un hecho delictivo, en un eficaz accionar, lograron hallar y recuperar una reja met\u00e1lica de un local comercial recientemente sustra\u00eddo y aprehendieron al presunto autor del hecho. El procedimiento lo realizaron luego [&hellip;]<\/p>\n","protected":false},"author":4,"featured_media":160612,"comment_status":"closed","ping_status":"closed","sticky":false,"template":"","format":"standard","meta":{"footnotes":""},"categories":[58],"tags":[],"class_list":["post-160611","post","type-post","status-publish","format-standard","has-post-thumbnail","category-corrientes"],"_links":{"self":[{"href":"https:\/\/revistaesperanzas.com\/web\/wp-json\/wp\/v2\/posts\/160611","targetHints":{"allow":["GET"]}}],"collection":[{"href":"https:\/\/revistaesperanzas.com\/web\/wp-json\/wp\/v2\/posts"}],"about":[{"href":"https:\/\/revistaesperanzas.com\/web\/wp-json\/wp\/v2\/types\/post"}],"author":[{"embeddable":true,"href":"https:\/\/revistaesperanzas.com\/web\/wp-json\/wp\/v2\/users\/4"}],"replies":[{"embeddable":true,"href":"https:\/\/revistaesperanzas.com\/web\/wp-json\/wp\/v2\/comments?post=160611"}],"version-history":[{"count":1,"href":"https:\/\/revistaesperanzas.com\/web\/wp-json\/wp\/v2\/posts\/160611\/revisions"}],"predecessor-version":[{"id":160613,"href":"https:\/\/revistaesperanzas.com\/web\/wp-json\/wp\/v2\/posts\/160611\/revisions\/160613"}],"wp:featuredmedia":[{"embeddable":true,"href":"https:\/\/revistaesperanzas.com\/web\/wp-json\/wp\/v2\/media\/160612"}],"wp:attachment":[{"href":"https:\/\/revistaesperanzas.com\/web\/wp-json\/wp\/v2\/media?parent=160611"}],"wp:term":[{"taxonomy":"category","embeddable":true,"href":"https:\/\/revistaesperanzas.com\/web\/wp-json\/wp\/v2\/categories?post=160611"},{"taxonomy":"post_tag","embeddable":true,"href":"https:\/\/revistaesperanzas.com\/web\/wp-json\/wp\/v2\/tags?post=160611"}],"curies":[{"name":"wp","href":"https:\/\/api.w.org\/{rel}","templated":true}]}}