{"id":160614,"date":"2026-09-04T20:47:22","date_gmt":"2026-09-04T23:47:22","guid":{"rendered":"https:\/\/revistaesperanzas.com\/web\/?p=160614"},"modified":"2026-09-04T20:47:22","modified_gmt":"2026-09-04T23:47:22","slug":"riachuelo-detienen-a-un-sujeto-presuntamente-vinculado-a-distintos-hechos-delictivos","status":"publish","type":"post","link":"https:\/\/revistaesperanzas.com\/web\/2026\/09\/riachuelo-detienen-a-un-sujeto-presuntamente-vinculado-a-distintos-hechos-delictivos\/","title":{"rendered":"RIACHUELO: DETIENEN A UN SUJETO PRESUNTAMENTE VINCULADO A DISTINTOS HECHOS DELICTIVOS"},"content":{"rendered":"<p>Ayer 03-09-26, Efectivos policiales de la Comisar\u00eda de Riachuelo, tras llevar adelante tareas investigativas, lograron demorar a un hombre que se encontrar\u00eda vinculado a distintos hechos delictivos registrados en el \u00e1mbito de esa jurisdicci\u00f3n.<\/p>\n<p>El procedimiento se concret\u00f3 luego de una serie de diligencias realizadas por el personal policial, quienes reunieron informaci\u00f3n de inter\u00e9s que permiti\u00f3 establecer la identidad y ubicaci\u00f3n del presunto involucrado, con los datos obtenidos, los efectivos desplegaron un operativo que permiti\u00f3 concretar su demora, trat\u00e1ndose de un hombre de 28 a\u00f1os de edad.<\/p>\n<p>El sujeto fue trasladado a la citada Comisar\u00eda donde se prosigue con los tramites que corresponde.<\/p>\n","protected":false},"excerpt":{"rendered":"<p>Ayer 03-09-26, Efectivos policiales de la Comisar\u00eda de Riachuelo, tras llevar adelante tareas investigativas, lograron demorar a un hombre que se encontrar\u00eda vinculado a distintos hechos delictivos registrados en el \u00e1mbito de esa jurisdicci\u00f3n. El procedimiento se concret\u00f3 luego de una serie de diligencias realizadas por el personal policial, quienes reunieron informaci\u00f3n de inter\u00e9s que [&hellip;]<\/p>\n","protected":false},"author":4,"featured_media":160615,"comment_status":"closed","ping_status":"closed","sticky":false,"template":"","format":"standard","meta":{"footnotes":""},"categories":[58],"tags":[],"class_list":["post-160614","post","type-post","status-publish","format-standard","has-post-thumbnail","category-corrientes"],"_links":{"self":[{"href":"https:\/\/revistaesperanzas.com\/web\/wp-json\/wp\/v2\/posts\/160614","targetHints":{"allow":["GET"]}}],"collection":[{"href":"https:\/\/revistaesperanzas.com\/web\/wp-json\/wp\/v2\/posts"}],"about":[{"href":"https:\/\/revistaesperanzas.com\/web\/wp-json\/wp\/v2\/types\/post"}],"author":[{"embeddable":true,"href":"https:\/\/revistaesperanzas.com\/web\/wp-json\/wp\/v2\/users\/4"}],"replies":[{"embeddable":true,"href":"https:\/\/revistaesperanzas.com\/web\/wp-json\/wp\/v2\/comments?post=160614"}],"version-history":[{"count":1,"href":"https:\/\/revistaesperanzas.com\/web\/wp-json\/wp\/v2\/posts\/160614\/revisions"}],"predecessor-version":[{"id":160616,"href":"https:\/\/revistaesperanzas.com\/web\/wp-json\/wp\/v2\/posts\/160614\/revisions\/160616"}],"wp:featuredmedia":[{"embeddable":true,"href":"https:\/\/revistaesperanzas.com\/web\/wp-json\/wp\/v2\/media\/160615"}],"wp:attachment":[{"href":"https:\/\/revistaesperanzas.com\/web\/wp-json\/wp\/v2\/media?parent=160614"}],"wp:term":[{"taxonomy":"category","embeddable":true,"href":"https:\/\/revistaesperanzas.com\/web\/wp-json\/wp\/v2\/categories?post=160614"},{"taxonomy":"post_tag","embeddable":true,"href":"https:\/\/revistaesperanzas.com\/web\/wp-json\/wp\/v2\/tags?post=160614"}],"curies":[{"name":"wp","href":"https:\/\/api.w.org\/{rel}","templated":true}]}}