{"id":160618,"date":"2026-09-04T21:17:19","date_gmt":"2026-09-05T00:17:19","guid":{"rendered":"https:\/\/revistaesperanzas.com\/web\/?p=160618"},"modified":"2026-09-04T21:17:19","modified_gmt":"2026-09-05T00:17:19","slug":"paso-de-los-libres-policia-recupera-una-cartera-y-otras-cosas-recientemente-robadas-hay-un-detenido","status":"publish","type":"post","link":"https:\/\/revistaesperanzas.com\/web\/2026\/09\/paso-de-los-libres-policia-recupera-una-cartera-y-otras-cosas-recientemente-robadas-hay-un-detenido\/","title":{"rendered":"PASO DE LOS LIBRES: POLIC\u00cdA RECUPERA UNA CARTERA Y OTRAS COSAS RECIENTEMENTE ROBADAS. HAY UN DETENIDO"},"content":{"rendered":"<p>En la jornada de ayer 03-09-26, efectivos policiales de la Comisaria Distrito Primera de Paso de los Libres, en el marco de una causa que se investiga por -supuesto robo- con la intervenci\u00f3n de la Unidad Fiscal, tras realizar amplias labores de investigaci\u00f3n, lograron recuperar varios elementos que fueron sustra\u00eddos y demoraron al presunto autor del hecho.<\/p>\n<p>El procedimiento se concreto luego de que los efectivos tomaron conocimiento de la sustracci\u00f3n de una cartera, un monedero y otras cosas que se encontraban en el interior de un veh\u00edculo estacionado, por lo que se realizaron distintas tareas investigativas junto a la inspecci\u00f3n de las c\u00e1maras de seguridad en la zona, lo cual posibilito identificar y posteriormente demorar a un hombre de 32 a\u00f1os de edad, quien estar\u00eda presuntamente vinculado al hecho que se investiga, adem\u00e1s, lograron recuperar lo sustra\u00eddo.<\/p>\n<p>Al respecto, lo recuperado junto al demorado fueron puestos a disposici\u00f3n de la justicia y trasladados a la citada dependencia donde se continuaron con los tramites de rigor.<\/p>\n","protected":false},"excerpt":{"rendered":"<p>En la jornada de ayer 03-09-26, efectivos policiales de la Comisaria Distrito Primera de Paso de los Libres, en el marco de una causa que se investiga por -supuesto robo- con la intervenci\u00f3n de la Unidad Fiscal, tras realizar amplias labores de investigaci\u00f3n, lograron recuperar varios elementos que fueron sustra\u00eddos y demoraron al presunto autor [&hellip;]<\/p>\n","protected":false},"author":4,"featured_media":160619,"comment_status":"closed","ping_status":"closed","sticky":false,"template":"","format":"standard","meta":{"footnotes":""},"categories":[58],"tags":[],"class_list":["post-160618","post","type-post","status-publish","format-standard","has-post-thumbnail","category-corrientes"],"_links":{"self":[{"href":"https:\/\/revistaesperanzas.com\/web\/wp-json\/wp\/v2\/posts\/160618","targetHints":{"allow":["GET"]}}],"collection":[{"href":"https:\/\/revistaesperanzas.com\/web\/wp-json\/wp\/v2\/posts"}],"about":[{"href":"https:\/\/revistaesperanzas.com\/web\/wp-json\/wp\/v2\/types\/post"}],"author":[{"embeddable":true,"href":"https:\/\/revistaesperanzas.com\/web\/wp-json\/wp\/v2\/users\/4"}],"replies":[{"embeddable":true,"href":"https:\/\/revistaesperanzas.com\/web\/wp-json\/wp\/v2\/comments?post=160618"}],"version-history":[{"count":1,"href":"https:\/\/revistaesperanzas.com\/web\/wp-json\/wp\/v2\/posts\/160618\/revisions"}],"predecessor-version":[{"id":160620,"href":"https:\/\/revistaesperanzas.com\/web\/wp-json\/wp\/v2\/posts\/160618\/revisions\/160620"}],"wp:featuredmedia":[{"embeddable":true,"href":"https:\/\/revistaesperanzas.com\/web\/wp-json\/wp\/v2\/media\/160619"}],"wp:attachment":[{"href":"https:\/\/revistaesperanzas.com\/web\/wp-json\/wp\/v2\/media?parent=160618"}],"wp:term":[{"taxonomy":"category","embeddable":true,"href":"https:\/\/revistaesperanzas.com\/web\/wp-json\/wp\/v2\/categories?post=160618"},{"taxonomy":"post_tag","embeddable":true,"href":"https:\/\/revistaesperanzas.com\/web\/wp-json\/wp\/v2\/tags?post=160618"}],"curies":[{"name":"wp","href":"https:\/\/api.w.org\/{rel}","templated":true}]}}