{"id":160621,"date":"2026-09-04T21:20:58","date_gmt":"2026-09-05T00:20:58","guid":{"rendered":"https:\/\/revistaesperanzas.com\/web\/?p=160621"},"modified":"2026-09-04T21:20:58","modified_gmt":"2026-09-05T00:20:58","slug":"direccion-trata-de-personas-busqueda-y-captura-10","status":"publish","type":"post","link":"https:\/\/revistaesperanzas.com\/web\/2026\/09\/direccion-trata-de-personas-busqueda-y-captura-10\/","title":{"rendered":"DIRECCI\u00d3N TRATA DE PERSONAS, B\u00daSQUEDA Y CAPTURA"},"content":{"rendered":"<p>La Polic\u00eda diligenci\u00f3 orden de allanamiento en colaboraci\u00f3n con la provincia del Chaco en relaci\u00f3n a un hecho delictivo que damnificara a un adulto mayor y secuestr\u00f3 elementos de inter\u00e9s a la causa, adem\u00e1s, detuvieron al presunto autor del hecho.<\/p>\n<p>En la ma\u00f1ana de hoy 04-09-26, efectivos policiales de la Direcci\u00f3n Trata De Personas, B\u00fasqueda y Captura, junto a sus pares de la Divisi\u00f3n Polic\u00eda de Alto Riesgo -PAR-, en colaboraci\u00f3n a la Divisi\u00f3n Delitos contra la Propiedad y la Fiscal\u00eda de Investigaci\u00f3n Penal de la Provincia del Chaco, en el marco de una causa que se investiga, diligenciaron una<a href=\"https:\/\/revistaesperanzas.com\/web\/2026\/09\/direccion-trata-de-personas-busqueda-y-captura-10\/whatsapp-image-2026-09-04-at-20-58-01-1\/\" rel=\"attachment wp-att-160623\"><img loading=\"lazy\" decoding=\"async\" class=\" wp-image-160623 alignleft\" src=\"https:\/\/revistaesperanzas.com\/web\/wp-content\/uploads\/2026\/09\/WhatsApp-Image-2026-09-04-at-20.58.01-1.jpeg\" alt=\"\" width=\"440\" height=\"586\" srcset=\"https:\/\/revistaesperanzas.com\/web\/wp-content\/uploads\/2026\/09\/WhatsApp-Image-2026-09-04-at-20.58.01-1.jpeg 500w, https:\/\/revistaesperanzas.com\/web\/wp-content\/uploads\/2026\/09\/WhatsApp-Image-2026-09-04-at-20.58.01-1-315x420.jpeg 315w\" sizes=\"auto, (max-width: 440px) 100vw, 440px\" \/><\/a> orden de allanamiento en la Ciudad de Corrientes, donde secuestraron una motocicleta, dinero en efectivo, entre otras cosas, adem\u00e1s, detuvieron a un hombre presuntamente vinculado a la investigaci\u00f3n.<\/p>\n<p>Seg\u00fan la informaci\u00f3n preliminar obtenida, el hecho habr\u00eda ocurrido d\u00edas atr\u00e1s en la vecina provincia, donde un hombre \u2013 adulto mayor- resulto v\u00edctima de la sustracci\u00f3n de una importante suma de dinero, en circunstancias donde aparentemente otra persona, ingreso a la vivienda haci\u00e9ndose pasar por un supuesto trabajador que realizaba tareas de construcci\u00f3n.<\/p>\n<p>En este contexto y tras las diversas labores investigativas realizadas de manera conjunta en ambas provincias, concretaron el diligenciamiento del mandato judicial pasadas las 07:00 horas, en un domicilio ubicado por calle Jos\u00e9 Thames, donde procedieron al secuestro de una motocicleta -marca Honda Biz-, dinero en efectivo \u2013 moneda nacional y extranjera-, un casco, un par de zapatillas, entre otras cosas, todos ellos, presuntamente vinculados al hecho que se investiga, adem\u00e1s, procedieron a la detenci\u00f3n de un hombre -de 50 a\u00f1os de edad-, sindicado como supuesto autor del hecho.<\/p>\n<p>Al respecto, lo secuestrado y el hombre detenido fueron puestos a disposici\u00f3n de la justicia interviniente, en tanto, en la dependencia policial, se continuaron con los tramites de rigor, adem\u00e1s, se destaca la activa labor policial y el trabajo coordinado entre las fuerzas provinciales y las tareas de investigaci\u00f3n, que permitieron avanzar en el esclarecimiento del hecho.<\/p>\n","protected":false},"excerpt":{"rendered":"<p>La Polic\u00eda diligenci\u00f3 orden de allanamiento en colaboraci\u00f3n con la provincia del Chaco en relaci\u00f3n a un hecho delictivo que damnificara a un adulto mayor y secuestr\u00f3 elementos de inter\u00e9s a la causa, adem\u00e1s, detuvieron al presunto autor del hecho. En la ma\u00f1ana de hoy 04-09-26, efectivos policiales de la Direcci\u00f3n Trata De Personas, B\u00fasqueda [&hellip;]<\/p>\n","protected":false},"author":4,"featured_media":160622,"comment_status":"closed","ping_status":"closed","sticky":false,"template":"","format":"standard","meta":{"footnotes":""},"categories":[58],"tags":[],"class_list":["post-160621","post","type-post","status-publish","format-standard","has-post-thumbnail","category-corrientes"],"_links":{"self":[{"href":"https:\/\/revistaesperanzas.com\/web\/wp-json\/wp\/v2\/posts\/160621","targetHints":{"allow":["GET"]}}],"collection":[{"href":"https:\/\/revistaesperanzas.com\/web\/wp-json\/wp\/v2\/posts"}],"about":[{"href":"https:\/\/revistaesperanzas.com\/web\/wp-json\/wp\/v2\/types\/post"}],"author":[{"embeddable":true,"href":"https:\/\/revistaesperanzas.com\/web\/wp-json\/wp\/v2\/users\/4"}],"replies":[{"embeddable":true,"href":"https:\/\/revistaesperanzas.com\/web\/wp-json\/wp\/v2\/comments?post=160621"}],"version-history":[{"count":2,"href":"https:\/\/revistaesperanzas.com\/web\/wp-json\/wp\/v2\/posts\/160621\/revisions"}],"predecessor-version":[{"id":160625,"href":"https:\/\/revistaesperanzas.com\/web\/wp-json\/wp\/v2\/posts\/160621\/revisions\/160625"}],"wp:featuredmedia":[{"embeddable":true,"href":"https:\/\/revistaesperanzas.com\/web\/wp-json\/wp\/v2\/media\/160622"}],"wp:attachment":[{"href":"https:\/\/revistaesperanzas.com\/web\/wp-json\/wp\/v2\/media?parent=160621"}],"wp:term":[{"taxonomy":"category","embeddable":true,"href":"https:\/\/revistaesperanzas.com\/web\/wp-json\/wp\/v2\/categories?post=160621"},{"taxonomy":"post_tag","embeddable":true,"href":"https:\/\/revistaesperanzas.com\/web\/wp-json\/wp\/v2\/tags?post=160621"}],"curies":[{"name":"wp","href":"https:\/\/api.w.org\/{rel}","templated":true}]}}