{"id":160626,"date":"2026-09-04T21:25:30","date_gmt":"2026-09-05T00:25:30","guid":{"rendered":"https:\/\/revistaesperanzas.com\/web\/?p=160626"},"modified":"2026-09-04T21:25:30","modified_gmt":"2026-09-05T00:25:30","slug":"dispositivo-especial-de-seguridad-con-motivo-de-la-92o-peregrinacion-de-los-feligreses-de-la-virgen-del-rosario-hacia-la-basilica-de-nuestra-senora-de-itati-2026","status":"publish","type":"post","link":"https:\/\/revistaesperanzas.com\/web\/2026\/09\/dispositivo-especial-de-seguridad-con-motivo-de-la-92o-peregrinacion-de-los-feligreses-de-la-virgen-del-rosario-hacia-la-basilica-de-nuestra-senora-de-itati-2026\/","title":{"rendered":"DISPOSITIVO ESPECIAL DE SEGURIDAD CON MOTIVO DE LA 92\u00ba PEREGRINACION DE LOS FELIGRESES DE LA VIRGEN DEL ROSARIO HACIA LA BASILICA DE NUESTRA SE\u00d1ORA DE ITATI &#8211; 2026\u201d"},"content":{"rendered":"<p>Con motivo de la \u201c92\u00ba Peregrinaci\u00f3n de la Comunidad Religiosa de la Virgen del Rosario\u201d hacia la Bas\u00edlica de Nuestra Se\u00f1ora de Itat\u00ed\u201d, bajo el lema &#8220;Como hijos de Mar\u00eda, d\u00e9mosle nosotros de comer&#8221;, la cual es acompa\u00f1ada por otras comunidades, que se movilizan de a pie y en veh\u00edculos particulares (apoyo) d\u00edas 05 y 06 y su vuelta prevista para los d\u00edas 09 y 10 del corriente mes; conforme a la labor que desplegaran los efectivos policiales afectados al dispositivo de seguridad a implementar en la zona junto a otras \u00e1reas, desde la madrugada de este s\u00e1bado 05 de Septiembre, previ\u00e9ndose su normal desarrollo.<a href=\"https:\/\/revistaesperanzas.com\/web\/2026\/09\/dispositivo-especial-de-seguridad-con-motivo-de-la-92o-peregrinacion-de-los-feligreses-de-la-virgen-del-rosario-hacia-la-basilica-de-nuestra-senora-de-itati-2026\/whatsapp-image-2026-09-04-at-20-58-00-1\/\" rel=\"attachment wp-att-160628\"><img loading=\"lazy\" decoding=\"async\" class=\"size-full wp-image-160628 alignleft\" src=\"https:\/\/revistaesperanzas.com\/web\/wp-content\/uploads\/2026\/09\/WhatsApp-Image-2026-09-04-at-20.58.00-1.jpeg\" alt=\"\" width=\"500\" height=\"750\" srcset=\"https:\/\/revistaesperanzas.com\/web\/wp-content\/uploads\/2026\/09\/WhatsApp-Image-2026-09-04-at-20.58.00-1.jpeg 500w, https:\/\/revistaesperanzas.com\/web\/wp-content\/uploads\/2026\/09\/WhatsApp-Image-2026-09-04-at-20.58.00-1-280x420.jpeg 280w\" sizes=\"auto, (max-width: 500px) 100vw, 500px\" \/><\/a><\/p>\n<p>En este sentido, es importante resaltar que en el mismo, trabajaran efectivos Policiales de distintas dependencias, Unidades Regionales, y de la Direcci\u00f3n Drones Policiales, quienes estar\u00e1n emplazados en distintos controles fijos y m\u00f3viles, desplegando labores de contralor y de prevenci\u00f3n en la zona (ordenamiento del tr\u00e1nsito vehicular y otros), brindando seguridad a los asistentes, principalmente en lo que respecta a la localidad de Itat\u00ed y el trayecto que comprende Ruta Nacional N\u00b012 y adyacencias.<\/p>\n<p>Para la ejecuci\u00f3n de este Plan de servicio, se realizaron las coordinaciones pertinentes con las dem\u00e1s Dependencias Policiales, Fuerzas de Seguridad Nacional (Gendarmer\u00eda, etc.,) y otras Instituciones involucradas (Iglesias, Defensa Civil, Agencia Nacional de Seguridad Vial, Vialidad Provincial, Direcci\u00f3n Provincial de Energ\u00eda de Corrientes, Bomberos Voluntarios, Cruz Roja Argentina, Municipalidades (Itat\u00ed, San Cosme, Ramada Paso, Paso de la Patria, etc.), Salud P\u00fablica, entre otras.<\/p>\n<p>LOS PEREGRINOS QUE ASISTAN A ESTA IMPORTANTE MUESTRA DE FE DEBER\u00c1N HACERLO CON LA M\u00c1XIMA COOPERACI\u00d3N, RESPONSABILIDAD Y RESPETO.<a href=\"https:\/\/revistaesperanzas.com\/web\/2026\/09\/dispositivo-especial-de-seguridad-con-motivo-de-la-92o-peregrinacion-de-los-feligreses-de-la-virgen-del-rosario-hacia-la-basilica-de-nuestra-senora-de-itati-2026\/whatsapp-image-2026-09-04-at-20-58-00\/\" rel=\"attachment wp-att-160629\"><img loading=\"lazy\" decoding=\"async\" class=\" wp-image-160629 alignleft\" src=\"https:\/\/revistaesperanzas.com\/web\/wp-content\/uploads\/2026\/09\/WhatsApp-Image-2026-09-04-at-20.58.00.jpeg\" alt=\"\" width=\"450\" height=\"675\" srcset=\"https:\/\/revistaesperanzas.com\/web\/wp-content\/uploads\/2026\/09\/WhatsApp-Image-2026-09-04-at-20.58.00.jpeg 500w, https:\/\/revistaesperanzas.com\/web\/wp-content\/uploads\/2026\/09\/WhatsApp-Image-2026-09-04-at-20.58.00-280x420.jpeg 280w\" sizes=\"auto, (max-width: 450px) 100vw, 450px\" \/><\/a><\/p>\n<p>SEGURIDAD VIAL:<br \/>\n\uf076 Los automovilistas ajenos al movimiento religioso, deber\u00e1n circular con prudencia, respeto a las normas de tr\u00e1nsito, las indicaciones realizadas por el personal policial trav\u00e9s de los distintos puestos fijos y m\u00f3viles y la totalidad de las documentaciones correspondientes.<\/p>\n<p>\uf076 Los rodados deber\u00e1n poseer las condiciones \u00f3ptimas de seguridad y transitabilidad.<\/p>\n<p>\uf076 Uso obligatorio del cintur\u00f3n de seguridad para todos los ocupantes del veh\u00edculo.<\/p>\n<p>\uf076 No exceder las velocidades permitidas.<\/p>\n<p>\uf076 Uso obligatorio de las luces bajas en forma permanente.<\/p>\n","protected":false},"excerpt":{"rendered":"<p>Con motivo de la \u201c92\u00ba Peregrinaci\u00f3n de la Comunidad Religiosa de la Virgen del Rosario\u201d hacia la Bas\u00edlica de Nuestra Se\u00f1ora de Itat\u00ed\u201d, bajo el lema &#8220;Como hijos de Mar\u00eda, d\u00e9mosle nosotros de comer&#8221;, la cual es acompa\u00f1ada por otras comunidades, que se movilizan de a pie y en veh\u00edculos particulares (apoyo) d\u00edas 05 y [&hellip;]<\/p>\n","protected":false},"author":4,"featured_media":160627,"comment_status":"closed","ping_status":"closed","sticky":false,"template":"","format":"standard","meta":{"footnotes":""},"categories":[58],"tags":[],"class_list":["post-160626","post","type-post","status-publish","format-standard","has-post-thumbnail","category-corrientes"],"_links":{"self":[{"href":"https:\/\/revistaesperanzas.com\/web\/wp-json\/wp\/v2\/posts\/160626","targetHints":{"allow":["GET"]}}],"collection":[{"href":"https:\/\/revistaesperanzas.com\/web\/wp-json\/wp\/v2\/posts"}],"about":[{"href":"https:\/\/revistaesperanzas.com\/web\/wp-json\/wp\/v2\/types\/post"}],"author":[{"embeddable":true,"href":"https:\/\/revistaesperanzas.com\/web\/wp-json\/wp\/v2\/users\/4"}],"replies":[{"embeddable":true,"href":"https:\/\/revistaesperanzas.com\/web\/wp-json\/wp\/v2\/comments?post=160626"}],"version-history":[{"count":2,"href":"https:\/\/revistaesperanzas.com\/web\/wp-json\/wp\/v2\/posts\/160626\/revisions"}],"predecessor-version":[{"id":160631,"href":"https:\/\/revistaesperanzas.com\/web\/wp-json\/wp\/v2\/posts\/160626\/revisions\/160631"}],"wp:featuredmedia":[{"embeddable":true,"href":"https:\/\/revistaesperanzas.com\/web\/wp-json\/wp\/v2\/media\/160627"}],"wp:attachment":[{"href":"https:\/\/revistaesperanzas.com\/web\/wp-json\/wp\/v2\/media?parent=160626"}],"wp:term":[{"taxonomy":"category","embeddable":true,"href":"https:\/\/revistaesperanzas.com\/web\/wp-json\/wp\/v2\/categories?post=160626"},{"taxonomy":"post_tag","embeddable":true,"href":"https:\/\/revistaesperanzas.com\/web\/wp-json\/wp\/v2\/tags?post=160626"}],"curies":[{"name":"wp","href":"https:\/\/api.w.org\/{rel}","templated":true}]}}