{"id":160633,"date":"2026-09-05T08:19:30","date_gmt":"2026-09-05T11:19:30","guid":{"rendered":"https:\/\/revistaesperanzas.com\/web\/?p=160633"},"modified":"2026-09-05T08:19:30","modified_gmt":"2026-09-05T11:19:30","slug":"dolor-en-la-musica-murio-una-historica-figura-de-los-palmeras","status":"publish","type":"post","link":"https:\/\/revistaesperanzas.com\/web\/2026\/09\/dolor-en-la-musica-murio-una-historica-figura-de-los-palmeras\/","title":{"rendered":"DOLOR EN LA M\u00daSICA: MURI\u00d3 UNA HIST\u00d3RICA FIGURA DE LOS PALMERAS"},"content":{"rendered":"<div class=\"c-stack b-right-rail__full-width-1\" data-style-direction=\"vertical\" data-style-justification=\"start\" data-style-alignment=\"unset\" data-style-inline=\"false\" data-style-wrap=\"nowrap\"><\/div>\n<div class=\"c-grid b-right-rail__rail-container\">\n<div class=\"c-stack b-right-rail__main-interior-item\" data-style-direction=\"vertical\" data-style-justification=\"start\" data-style-alignment=\"unset\" data-style-inline=\"false\" data-style-wrap=\"nowrap\">\n<p class=\"c-heading b-subheadline\"><span style=\"font-size: 14pt; color: #0000ff;\"><strong>La banda santafesina despidi\u00f3 a Ricardo \u201cOveja\u201d Stec con un emotivo mensaje<\/strong><\/span><\/p>\n<article class=\"b-article-body\">\n<figure class=\"c-media-item b-article-body__image\"><img loading=\"lazy\" decoding=\"async\" class=\"c-image\" src=\"https:\/\/radiomitre.cienradios.com\/resizer\/v2\/KJ44J4OJ2BCITOK7VWF5CLYCDI.jpg?auth=134afd9448f4b192defa43b156b45d68294ce9620e9b2b8dce7a0446dd12ad9f&amp;width=800&amp;height=400\" srcset=\"https:\/\/radiomitre.cienradios.com\/resizer\/v2\/KJ44J4OJ2BCITOK7VWF5CLYCDI.jpg?auth=134afd9448f4b192defa43b156b45d68294ce9620e9b2b8dce7a0446dd12ad9f&amp;width=274&amp;height=137 274w, https:\/\/radiomitre.cienradios.com\/resizer\/v2\/KJ44J4OJ2BCITOK7VWF5CLYCDI.jpg?auth=134afd9448f4b192defa43b156b45d68294ce9620e9b2b8dce7a0446dd12ad9f&amp;width=400&amp;height=200 400w, https:\/\/radiomitre.cienradios.com\/resizer\/v2\/KJ44J4OJ2BCITOK7VWF5CLYCDI.jpg?auth=134afd9448f4b192defa43b156b45d68294ce9620e9b2b8dce7a0446dd12ad9f&amp;width=768&amp;height=384 768w, https:\/\/radiomitre.cienradios.com\/resizer\/v2\/KJ44J4OJ2BCITOK7VWF5CLYCDI.jpg?auth=134afd9448f4b192defa43b156b45d68294ce9620e9b2b8dce7a0446dd12ad9f&amp;width=1024&amp;height=512 1024w, https:\/\/radiomitre.cienradios.com\/resizer\/v2\/KJ44J4OJ2BCITOK7VWF5CLYCDI.jpg?auth=134afd9448f4b192defa43b156b45d68294ce9620e9b2b8dce7a0446dd12ad9f&amp;width=1440&amp;height=720 1440w\" alt=\"Dolor en la m\u00fasica: muri\u00f3 una hist\u00f3rica figura de Los Palmeras\" width=\"800\" height=\"400\" data-chromatic=\"ignore\" \/><figcaption class=\"c-media-item__fig-caption\"><span class=\"c-media-item__title\">Dolor en la m\u00fasica: muri\u00f3 una hist\u00f3rica figura de Los Palmeras<\/span><\/figcaption><\/figure>\n<p class=\"c-paragraph\">En las \u00faltimas horas, una noticia conmocion\u00f3 el mundo de la m\u00fasica santafesina. Se confirm\u00f3 este viernes la muerte de<b>\u00a0Ricardo \u201cOveja\u201d Stec<\/b>, reconocido percusionista que\u00a0<b>form\u00f3 parte de una de las\u00a0<\/b><a title=\"https:\/\/radiomitre.cienradios.com\/espectaculos\/la-emotiva-despedida-de-los-palmeras-tras-la-muerte-de-una-de-sus-figuras-gracias-por-tantos-momentos\/\" href=\"https:\/\/radiomitre.cienradios.com\/espectaculos\/la-emotiva-despedida-de-los-palmeras-tras-la-muerte-de-una-de-sus-figuras-gracias-por-tantos-momentos\/\" target=\"_blank\" rel=\"noopener noreferrer\"><b>etapas m\u00e1s emblem\u00e1ticas de Los Palmeras<\/b><\/a><b>.<\/b>\u00a0Fue el propio<b>\u00a0grupo de m\u00fasica el que revel\u00f3 el suceso con un mensaje de despedida.<\/b><\/p>\n<article class=\"c-grid b-article-body__mira-tambien\">\n<h2 class=\"c-heading\"><a class=\"c-link\" href=\"https:\/\/radiomitre.cienradios.com\/sociedad\/quien-era-la-historica-figura-de-los-palmeras-que-murio-y-cual-fue-su-importante-rol-en-la-banda\/\"><span class=\"b-article-body__mira-tambien__text\">Mir\u00e1 Tambi\u00e9n:\u00a0<\/span>Qui\u00e9n era la hist\u00f3rica figura de Los Palmeras que muri\u00f3 y cu\u00e1l fue su importante rol en la banda<\/a><\/h2>\n<\/article>\n<h2 class=\"b-article-body__h2\"><span style=\"color: #0000ff;\"><b>Muri\u00f3 Ricardo \u201cOveja\u201d Stec, hist\u00f3rica figura de Los Palmeras<\/b><\/span><\/h2>\n<p class=\"c-paragraph\">Desde el grupo liderado por\u00a0<b>Rub\u00e9n \u201cCacho\u201d Deicas y Marcos Camino<\/b>\u00a0despidieron con tristeza a uno de sus hist\u00f3ricos integrantes.\u00a0<b>\u201cHoy nos toca despedir a otro de nuestros hist\u00f3ricos miembros;\u00a0<\/b>gracias por tantos<b>\u00a0momentos compartidos y toda tu m\u00fasica, que en paz descanses querido amigo\u201d<\/b>, expresaron desde la agrupaci\u00f3n a trav\u00e9s de sus redes sociales.<\/p>\n<p class=\"c-paragraph\"><b>Stec fue tumbadorista del conjunto entre 1988 y 1992<\/b>, durante una etapa de crecimiento y consolidaci\u00f3n para la banda santafesina. En esos a\u00f1os, adem\u00e1s,\u00a0<b>integr\u00f3 las grabaciones de algunos de los discos m\u00e1s representativos del grupo<\/b>, entre ellos\u00a0<i>Loquito por ti<\/i>\u00a0(1988),\u00a0<i>Sus amigos<\/i>\u00a0(1989),\u00a0<i>Rumor de cumbia<\/i>\u00a0(1990), entre otros cl\u00e1sicos. Adem\u00e1s, particip\u00f3 de los festejos por los\u00a0<b>20 a\u00f1os de trayectoria de la agrupaci\u00f3n<\/b>, celebrados en 1992.<\/p>\n<div>\n<div id=\"ad-slot-inread\" class=\"ad-slot-inread ad-slot\" data-collapse_unfilled=\"1\" data-adtype=\"inread\" data-google-query-id=\"CK309aWk15YDFcpD3QIdErMB3A\">\n<div id=\"google_ads_iframe_\/39380843\/sitios_principales\/radio_mitre\/notas\/inread_0__container__\">Hasta el momento, el <b>grupo musical no inform\u00f3 las causas de la muerte de Ste<\/b>c. De esta forma, junto al mensaje de despedida, la banda comparti\u00f3 un video donde se lo ve tocando m\u00fasica.\u00a0<b>La publicaci\u00f3n r\u00e1pidamente se llen\u00f3 de comentarios de usuarios que lamentaban su fallecimiento.<\/b><\/div>\n<\/div>\n<\/div>\n<h2 class=\"b-article-body__h2\"><b>Qui\u00e9n era Ricardo \u201cOveja\u201d Stec y qu\u00e9 hac\u00eda en Los Palmeras<\/b><\/h2>\n<p class=\"c-paragraph\"><b>Ricardo \u201cOveja\u201d Stec<\/b>\u00a0fue uno de los m\u00fasicos que integraron<b>\u00a0Los Palmeras\u00a0<\/b>a lo largo de su extensa historia. Su funci\u00f3n dentro de la banda era la de\u00a0<b>tumbadorista<\/b>, por lo que formaba parte de la secci\u00f3n de percusi\u00f3n del reconocido conjunto santafesino.<\/p>\n<p class=\"c-paragraph\">Su paso por la agrupaci\u00f3n se extendi\u00f3 entre\u00a0<b>1988 y 1992<\/b>, per\u00edodo en el que comparti\u00f3 la formaci\u00f3n con figuras hist\u00f3ricas como\u00a0<b>Rub\u00e9n \u201cCacho\u201d Deicas, Marcos Camino y Jos\u00e9 Mar\u00eda Roa<\/b>.<\/p>\n<\/article>\n<div>\n<div id=\"ad-slot-caja_1\" class=\"ad-slot-box ad-slot\" data-lazyload=\"1\" data-collapse_unfilled=\"1\" data-adtype=\"box\" data-google-query-id=\"CPrP9qWk15YDFVlE3QIdUaYCzA\"><\/div>\n<\/div>\n<\/div>\n<\/div>\n","protected":false},"excerpt":{"rendered":"<p>La banda santafesina despidi\u00f3 a Ricardo \u201cOveja\u201d Stec con un emotivo mensaje Dolor en la m\u00fasica: muri\u00f3 una hist\u00f3rica figura de Los Palmeras En las \u00faltimas horas, una noticia conmocion\u00f3 el mundo de la m\u00fasica santafesina. Se confirm\u00f3 este viernes la muerte de\u00a0Ricardo \u201cOveja\u201d Stec, reconocido percusionista que\u00a0form\u00f3 parte de una de las\u00a0etapas m\u00e1s emblem\u00e1ticas [&hellip;]<\/p>\n","protected":false},"author":4,"featured_media":160634,"comment_status":"closed","ping_status":"closed","sticky":false,"template":"","format":"standard","meta":{"footnotes":""},"categories":[4],"tags":[],"class_list":["post-160633","post","type-post","status-publish","format-standard","has-post-thumbnail","category-nacionales"],"_links":{"self":[{"href":"https:\/\/revistaesperanzas.com\/web\/wp-json\/wp\/v2\/posts\/160633","targetHints":{"allow":["GET"]}}],"collection":[{"href":"https:\/\/revistaesperanzas.com\/web\/wp-json\/wp\/v2\/posts"}],"about":[{"href":"https:\/\/revistaesperanzas.com\/web\/wp-json\/wp\/v2\/types\/post"}],"author":[{"embeddable":true,"href":"https:\/\/revistaesperanzas.com\/web\/wp-json\/wp\/v2\/users\/4"}],"replies":[{"embeddable":true,"href":"https:\/\/revistaesperanzas.com\/web\/wp-json\/wp\/v2\/comments?post=160633"}],"version-history":[{"count":1,"href":"https:\/\/revistaesperanzas.com\/web\/wp-json\/wp\/v2\/posts\/160633\/revisions"}],"predecessor-version":[{"id":160635,"href":"https:\/\/revistaesperanzas.com\/web\/wp-json\/wp\/v2\/posts\/160633\/revisions\/160635"}],"wp:featuredmedia":[{"embeddable":true,"href":"https:\/\/revistaesperanzas.com\/web\/wp-json\/wp\/v2\/media\/160634"}],"wp:attachment":[{"href":"https:\/\/revistaesperanzas.com\/web\/wp-json\/wp\/v2\/media?parent=160633"}],"wp:term":[{"taxonomy":"category","embeddable":true,"href":"https:\/\/revistaesperanzas.com\/web\/wp-json\/wp\/v2\/categories?post=160633"},{"taxonomy":"post_tag","embeddable":true,"href":"https:\/\/revistaesperanzas.com\/web\/wp-json\/wp\/v2\/tags?post=160633"}],"curies":[{"name":"wp","href":"https:\/\/api.w.org\/{rel}","templated":true}]}}